{"id":10006,"date":"2020-07-11T12:42:52","date_gmt":"2020-07-11T15:42:52","guid":{"rendered":"https:\/\/pinews.com.br\/?p=10006"},"modified":"2020-07-11T12:42:52","modified_gmt":"2020-07-11T15:42:52","slug":"auxilio-emergencial-caixa-libera-saques-e-transferencias-para-aprovados-no-terceiro-lote-nascidos-em-junho","status":"publish","type":"post","link":"https:\/\/pinews.com.br\/index.php\/2020\/07\/11\/auxilio-emergencial-caixa-libera-saques-e-transferencias-para-aprovados-no-terceiro-lote-nascidos-em-junho\/","title":{"rendered":"Aux\u00edlio Emergencial: Caixa libera saques e transfer\u00eancias para aprovados no terceiro lote nascidos em junho"},"content":{"rendered":"\n<p>A <a href=\"https:\/\/g1.globo.com\/tudo-sobre\/caixa-economica-federal\/\">Caixa Econ\u00f4mica Federal <\/a>libera a partir deste s\u00e1bado (11) os saques e transfer\u00eancias da primeira parcela do Aux\u00edlio Emergencial para os aprovados inscritos no aplicativo e site dentro do terceiro lote, e que aniversariam em junho &#8211; um total de 400 mil trabalhadores. Ao todo, o lote inclui 5,9 milh\u00f5es de benefici\u00e1rios.<\/p>\n\n\n\n<p>Os saques e transfer\u00eancias ser\u00e3o realizados conforme o m\u00eas de nascimento do trabalhador e v\u00e3o at\u00e9 o dia 14 de julho. Esses trabalhadores j\u00e1 tiveram o dinheiro liberado na poupan\u00e7a social digital entre os dias 16 e 17 de junho. <strong>Veja calend\u00e1rio abaixo:<\/strong><\/p>\n\n\n\n<figure class=\"wp-block-image size-large\"><img decoding=\"async\" src=\"https:\/\/pinews.com.br\/wp-content\/uploads\/2020\/07\/20200711_123822-1.jpg\" alt=\"\" class=\"wp-image-10008\"\/><\/figure>\n\n\n\n<p>De acordo com o calend\u00e1rio inicial, na pr\u00f3xima segunda (13), somente os 400 mil inscritos no programa que nasceram em julho teriam direito ao saque. No entanto, o novo calend\u00e1rio publicado nesta sexta garante o saque tamb\u00e9m para quem nasceu nos meses de agosto e setembro, que s\u00f3 teriam acesso ao benef\u00edcio a partir de ter\u00e7a e quarta-feira, respectivamente. Ao todo, 1,2 milh\u00e3o de pessoas poder\u00e3o sacar no mesmo dia.<\/p>\n\n\n\n<p>Al\u00e9m disso, os nascidos em outubro, novembro e dezembro, que receberiam os benef\u00edcios quinta (16), sexta-feira e s\u00e1bado, respectivamente, poder\u00e3o todos fazer os saques j\u00e1 a partir de ter\u00e7a-feira (14). Em vez dos 400 mil nascidos em agosto que poderiam fazer o saque a partir de ter\u00e7a, ser\u00e3o liberados os saques e transfer\u00eancias para mais 1,2 milh\u00e3o de benefici\u00e1rios.<\/p>\n\n\n\n<p>J\u00e1 a segunda parcela para os aprovados do terceiro lote ainda n\u00e3o tem data definida.<\/p>\n\n\n\n<h2>Balan\u00e7o<\/h2>\n\n\n\n<p>Segundo a Caixa, 65,2 milh\u00f5es de benefici\u00e1rios j\u00e1 receberam o Aux\u00edlio Emergencial dentro das parcelas 1, 2 e 3, totalizando R$ 121,1 bilh\u00f5es.<\/p>\n\n\n\n<p>Dos 109,1 milh\u00f5es de cadastros no programa, 107,8 milh\u00f5es foram processados. Cerca de 860 mil ainda esperam por rean\u00e1lise, todos inscritos no app e site do aux\u00edlio, enquanto cerca de 1,3 milh\u00e3o ainda est\u00e3o em primeira an\u00e1lise.<\/p>\n\n\n\n<p>Os trabalhadores podem consultar a situa\u00e7\u00e3o do benef\u00edcio pelo aplicativo do aux\u00edlio emergencial ou pelo site <a rel=\"noreferrer noopener\" href=\"http:\/\/auxilio.caixa.gov.br\/\" target=\"_blank\">auxilio.caixa.gov.br<\/a>.<\/p>\n\n\n\n<p><strong>Fonte: G1 <\/strong><\/p>\n","protected":false},"excerpt":{"rendered":"<p>A Caixa Econ\u00f4mica Federal libera a partir deste s\u00e1bado (11) os saques e transfer\u00eancias da primeira parcela do Aux\u00edlio Emergencial para os aprovados inscritos no aplicativo e site dentro do terceiro lote, e que aniversariam em junho &#8211; um total de 400 mil trabalhadores. Ao todo, o lote inclui 5,9 milh\u00f5es de benefici\u00e1rios. Os saques [&hellip;]<\/p>\n","protected":false},"author":4,"featured_media":10009,"comment_status":"open","ping_status":"open","sticky":false,"template":"","format":"standard","meta":{"beyondwords_generate_audio":"","beyondwords_project_id":"","beyondwords_podcast_id":"","beyondwords_hash":"","beyondwords_error_message":"","beyondwords_disabled":"","publish_post_to_speechkit":"","speechkit_generate_audio":"","speechkit_project_id":"","speechkit_podcast_id":"","speechkit_hash":"","speechkit_error_message":"","speechkit_disabled":"","speechkit_access_key":"","speechkit_error":"","speechkit_info":"","speechkit_response":"","speechkit_retries":"","_speechkit_link":"","_speechkit_text":""},"categories":[134],"tags":[2329,662,3722,3723,3724],"jetpack_featured_media_url":"","_links":{"self":[{"href":"https:\/\/pinews.com.br\/index.php\/wp-json\/wp\/v2\/posts\/10006"}],"collection":[{"href":"https:\/\/pinews.com.br\/index.php\/wp-json\/wp\/v2\/posts"}],"about":[{"href":"https:\/\/pinews.com.br\/index.php\/wp-json\/wp\/v2\/types\/post"}],"author":[{"embeddable":true,"href":"https:\/\/pinews.com.br\/index.php\/wp-json\/wp\/v2\/users\/4"}],"replies":[{"embeddable":true,"href":"https:\/\/pinews.com.br\/index.php\/wp-json\/wp\/v2\/comments?post=10006"}],"version-history":[{"count":0,"href":"https:\/\/pinews.com.br\/index.php\/wp-json\/wp\/v2\/posts\/10006\/revisions"}],"wp:featuredmedia":[{"embeddable":true,"href":"https:\/\/pinews.com.br\/index.php\/wp-json\/"}],"wp:attachment":[{"href":"https:\/\/pinews.com.br\/index.php\/wp-json\/wp\/v2\/media?parent=10006"}],"wp:term":[{"taxonomy":"category","embeddable":true,"href":"https:\/\/pinews.com.br\/index.php\/wp-json\/wp\/v2\/categories?post=10006"},{"taxonomy":"post_tag","embeddable":true,"href":"https:\/\/pinews.com.br\/index.php\/wp-json\/wp\/v2\/tags?post=10006"}],"curies":[{"name":"wp","href":"https:\/\/api.w.org\/{rel}","templated":true}]}}