{"id":10395,"date":"2020-07-18T12:57:37","date_gmt":"2020-07-18T15:57:37","guid":{"rendered":"https:\/\/pinews.com.br\/?p=10395"},"modified":"2020-07-18T12:57:37","modified_gmt":"2020-07-18T15:57:37","slug":"auxilio-emergencial-governo-divulga-calendario-de-novos-pagamentos","status":"publish","type":"post","link":"https:\/\/pinews.com.br\/index.php\/2020\/07\/18\/auxilio-emergencial-governo-divulga-calendario-de-novos-pagamentos\/","title":{"rendered":"Aux\u00edlio Emergencial: governo divulga calend\u00e1rio de novos pagamentos"},"content":{"rendered":"\n<p>O Minist\u00e9rio da Cidadania divulgou nesta sexta-feira (17) o calend\u00e1rio de novos pagamentos do Aux\u00edlio Emergencial. Diferente do que o governo havia proposto no final de junho, n\u00e3o haver\u00e1 &#8216;divis\u00e3o&#8217; das duas \u00faltimas parcelas do benef\u00edcio &#8211; a quarta e a quinta parcelas tamb\u00e9m ser\u00e3o de R$ 600, como as anteriores. Mas o calend\u00e1rio de pagamentos vai se estender at\u00e9 o final do ano para os \u00faltimos aprovados.<\/p>\n\n\n\n<p>Os novos pagamentos contemplam os benefici\u00e1rios que se inscreveram no programa por meio do site e do aplicativo, al\u00e9m daqueles que fazem parte do Cadastro \u00danico, mas n\u00e3o recebem o Bolsa Fam\u00edlia.<\/p>\n\n\n\n<p>Para o grupo dos trabalhadores do Bolsa Fam\u00edlia, os pagamentos seguem o calend\u00e1rio original do programa &#8211; isto \u00e9, sempre nos \u00faltimos dez dias \u00fateis de cada m\u00eas, de acordo com o d\u00edgito final do benef\u00edcio. Nesse caso, v\u00e3o receber mais duas parcelas de R$ 600, seguindo o calend\u00e1rio de pagamentos do pr\u00f3prio programa. Assim, a quarta parcela ser\u00e1 paga entre 20 e 31 de julho e a quinta parcela ser\u00e1 paga entre 18 e 31 de agosto.<\/p>\n\n\n\n<h2><strong>Altera\u00e7\u00e3o no calend\u00e1rio anterior<\/strong><\/h2>\n\n\n\n<p><strong>O novo calend\u00e1rio tamb\u00e9m altera a data de libera\u00e7\u00e3o para saques e transfer\u00eancias da \u00faltima parcela j\u00e1 paga dos benef\u00edcios.&nbsp;<\/strong>Segundo o presidente da Caixa, com a mudan\u00e7a todos os trabalhadores que j\u00e1 receberam ao menos uma parcela ter\u00e3o saques e transfer\u00eancias de duas parcelas liberadas em um mesmo dia.&nbsp;<a href=\"https:\/\/g1.globo.com\/economia\/noticia\/2020\/04\/07\/como-sera-feito-o-pagamento-do-auxilio-emergencial-de-r-600.ghtml\">Veja aqui o calend\u00e1rio completo de pagamentos<\/a>.<\/p>\n\n\n\n<p>O novo calend\u00e1rio divulgado pela Cidadania contempla os pagamentos at\u00e9 a quinta parcela de benefici\u00e1rios inscritos no programa at\u00e9 2 de julho, data final para inscri\u00e7\u00e3o, cujos cadastros foram considerados eleg\u00edveis at\u00e9 o momento. Na quarta-feira, a Dataprev informou que havia ainda 226.582 pedidos pendentes de an\u00e1lise.<\/p>\n\n\n\n<p>Para fins de organiza\u00e7\u00e3o do fluxo de pessoas em ag\u00eancias banc\u00e1rias e evitar aglomera\u00e7\u00e3o, os recursos ser\u00e3o disponibilizados para saques e transfer\u00eancias banc\u00e1rias em momento posterior ao cr\u00e9dito em poupan\u00e7a social digital. O benefici\u00e1rio poder\u00e1 movimentar o dinheiro da poupan\u00e7a social digital apenas para o pagamento de contas, de boletos e para realiza\u00e7\u00e3o de compras por meio de cart\u00e3o de d\u00e9bito virtual ou QR Code.<\/p>\n\n\n\n<p>No caso dos saques da primeira parcela, o saldo existente nas poupan\u00e7as sociais digitais ser\u00e1 transferido automaticamente para a conta em que o benefici\u00e1rio houver indicado por meio da plataforma digital. J\u00e1 nos saques das demais parcelas, o saldo existente nas poupan\u00e7as sociais digitais ser\u00e1 transferido automaticamente para a conta em que o benefici\u00e1rio houver recebido a primeira parcela.<\/p>\n\n\n\n<h2>Veja os calend\u00e1rios<\/h2>\n\n\n\n<h2>Lote 1:<\/h2>\n\n\n\n<p>O lote contempla benefici\u00e1rios que <strong>receberam a primeira parcela do aux\u00edlio at\u00e9 30 abril de 2020<\/strong>.<\/p>\n\n\n\n<figure class=\"wp-block-image size-large\"><img decoding=\"async\" src=\"https:\/\/pinews.com.br\/wp-content\/uploads\/2020\/07\/20200718_124359.jpg\" alt=\"\" class=\"wp-image-10396\"\/><\/figure>\n\n\n\n<figure class=\"wp-block-image size-large\"><img decoding=\"async\" src=\"https:\/\/pinews.com.br\/wp-content\/uploads\/2020\/07\/20200718_124454.jpg\" alt=\"\" class=\"wp-image-10397\"\/><\/figure>\n\n\n\n<h2>Lote 2<\/h2>\n\n\n\n<p>O lote contempla benefici\u00e1rios que <strong>receberam a primeira parcela do aux\u00edlio em maio de 2020<\/strong>.<\/p>\n\n\n\n<figure class=\"wp-block-image size-large\"><img decoding=\"async\" src=\"https:\/\/pinews.com.br\/wp-content\/uploads\/2020\/07\/20200718_124601.jpg\" alt=\"\" class=\"wp-image-10398\"\/><\/figure>\n\n\n\n<figure class=\"wp-block-image size-large\"><img decoding=\"async\" src=\"https:\/\/pinews.com.br\/wp-content\/uploads\/2020\/07\/20200718_124647.jpg\" alt=\"\" class=\"wp-image-10399\"\/><\/figure>\n\n\n\n<figure class=\"wp-block-image size-large\"><img decoding=\"async\" src=\"https:\/\/pinews.com.br\/wp-content\/uploads\/2020\/07\/20200718_124737.jpg\" alt=\"\" class=\"wp-image-10400\"\/><\/figure>\n\n\n\n<h2>Lotes 3 e 4<\/h2>\n\n\n\n<p>Os lotes contemplam benefici\u00e1rios que <strong>receberam a primeira parcela do aux\u00edlio nos dias 16 e 17 de junho (lote 3) e de 27 de junho a 4 de julho de 2020 (lote 4).<\/strong><\/p>\n\n\n\n<figure class=\"wp-block-image size-large\"><img decoding=\"async\" src=\"https:\/\/pinews.com.br\/wp-content\/uploads\/2020\/07\/20200718_124848.jpg\" alt=\"\" class=\"wp-image-10401\"\/><\/figure>\n\n\n\n<figure class=\"wp-block-image size-large\"><img decoding=\"async\" src=\"https:\/\/pinews.com.br\/wp-content\/uploads\/2020\/07\/20200718_124936.jpg\" alt=\"\" class=\"wp-image-10402\"\/><\/figure>\n\n\n\n<figure class=\"wp-block-image size-large\"><img decoding=\"async\" src=\"https:\/\/pinews.com.br\/wp-content\/uploads\/2020\/07\/20200718_125030.jpg\" alt=\"\" class=\"wp-image-10403\"\/><\/figure>\n\n\n\n<figure class=\"wp-block-image size-large\"><img decoding=\"async\" src=\"https:\/\/pinews.com.br\/wp-content\/uploads\/2020\/07\/20200718_125121.jpg\" alt=\"\" class=\"wp-image-10404\"\/><\/figure>\n\n\n\n<h2>Lote 5<\/h2>\n\n\n\n<p>O lote contempla benefici\u00e1rios <strong>que se cadastraram por meio da plataforma digital entre os dias 17 de junho e 2 de julho de 2020.<\/strong><\/p>\n\n\n\n<figure class=\"wp-block-image size-large\"><img decoding=\"async\" src=\"https:\/\/pinews.com.br\/wp-content\/uploads\/2020\/07\/20200718_125225.jpg\" alt=\"\" class=\"wp-image-10405\"\/><\/figure>\n\n\n\n<figure class=\"wp-block-image size-large\"><img decoding=\"async\" src=\"https:\/\/pinews.com.br\/wp-content\/uploads\/2020\/07\/20200718_125322.jpg\" alt=\"\" class=\"wp-image-10406\"\/><\/figure>\n\n\n\n<figure class=\"wp-block-image size-large\"><img decoding=\"async\" src=\"https:\/\/pinews.com.br\/wp-content\/uploads\/2020\/07\/20200718_125403.jpg\" alt=\"\" class=\"wp-image-10407\"\/><\/figure>\n\n\n\n<figure class=\"wp-block-image size-large\"><img decoding=\"async\" src=\"https:\/\/pinews.com.br\/wp-content\/uploads\/2020\/07\/20200718_125448.jpg\" alt=\"\" class=\"wp-image-10408\"\/><\/figure>\n\n\n\n<p><strong>Fonte: G1 PI <\/strong><\/p>\n","protected":false},"excerpt":{"rendered":"<p>O Minist\u00e9rio da Cidadania divulgou nesta sexta-feira (17) o calend\u00e1rio de novos pagamentos do Aux\u00edlio Emergencial. Diferente do que o governo havia proposto no final de junho, n\u00e3o haver\u00e1 &#8216;divis\u00e3o&#8217; das duas \u00faltimas parcelas do benef\u00edcio &#8211; a quarta e a quinta parcelas tamb\u00e9m ser\u00e3o de R$ 600, como as anteriores. Mas o calend\u00e1rio de [&hellip;]<\/p>\n","protected":false},"author":4,"featured_media":10409,"comment_status":"open","ping_status":"open","sticky":false,"template":"","format":"standard","meta":{"beyondwords_generate_audio":"","beyondwords_project_id":"","beyondwords_podcast_id":"","beyondwords_hash":"","beyondwords_error_message":"","beyondwords_disabled":"","publish_post_to_speechkit":"","speechkit_generate_audio":"","speechkit_project_id":"","speechkit_podcast_id":"","speechkit_hash":"","speechkit_error_message":"","speechkit_disabled":"","speechkit_access_key":"","speechkit_error":"","speechkit_info":"","speechkit_response":"","speechkit_retries":"","_speechkit_link":"","_speechkit_text":""},"categories":[134],"tags":[2329,3894,3895],"jetpack_featured_media_url":"","_links":{"self":[{"href":"https:\/\/pinews.com.br\/index.php\/wp-json\/wp\/v2\/posts\/10395"}],"collection":[{"href":"https:\/\/pinews.com.br\/index.php\/wp-json\/wp\/v2\/posts"}],"about":[{"href":"https:\/\/pinews.com.br\/index.php\/wp-json\/wp\/v2\/types\/post"}],"author":[{"embeddable":true,"href":"https:\/\/pinews.com.br\/index.php\/wp-json\/wp\/v2\/users\/4"}],"replies":[{"embeddable":true,"href":"https:\/\/pinews.com.br\/index.php\/wp-json\/wp\/v2\/comments?post=10395"}],"version-history":[{"count":0,"href":"https:\/\/pinews.com.br\/index.php\/wp-json\/wp\/v2\/posts\/10395\/revisions"}],"wp:featuredmedia":[{"embeddable":true,"href":"https:\/\/pinews.com.br\/index.php\/wp-json\/"}],"wp:attachment":[{"href":"https:\/\/pinews.com.br\/index.php\/wp-json\/wp\/v2\/media?parent=10395"}],"wp:term":[{"taxonomy":"category","embeddable":true,"href":"https:\/\/pinews.com.br\/index.php\/wp-json\/wp\/v2\/categories?post=10395"},{"taxonomy":"post_tag","embeddable":true,"href":"https:\/\/pinews.com.br\/index.php\/wp-json\/wp\/v2\/tags?post=10395"}],"curies":[{"name":"wp","href":"https:\/\/api.w.org\/{rel}","templated":true}]}}