{"id":1064,"date":"2019-08-07T21:43:56","date_gmt":"2019-08-08T00:43:56","guid":{"rendered":"https:\/\/pinews.com.br\/?p=1064"},"modified":"2019-08-07T21:43:56","modified_gmt":"2019-08-08T00:43:56","slug":"acusado-de-matar-a-esposa-e-preso-tres-anos-depois-de-crime-na-zona-rural-de-vila-nova-do-piaui","status":"publish","type":"post","link":"https:\/\/pinews.com.br\/index.php\/2019\/08\/07\/acusado-de-matar-a-esposa-e-preso-tres-anos-depois-de-crime-na-zona-rural-de-vila-nova-do-piaui\/","title":{"rendered":"Acusado de matar a esposa \u00e9 preso tr\u00eas anos depois de crime em Vila Nova do Piau\u00ed"},"content":{"rendered":"\n<p>Por <strong>Breno Luis <\/strong>&#8211; 07 de agosto de 2019<\/p>\n\n\n\n<figure class=\"wp-block-image\"><img decoding=\"async\" src=\"https:\/\/s2.glbimg.com\/xe50ardcJuIXZMeNbo62lUuDjGA=\/0x0:1033x598\/984x0\/smart\/filters:strip_icc()\/i.s3.glbimg.com\/v1\/AUTH_59edd422c0c84a879bd37670ae4f538a\/internal_photos\/bs\/2019\/N\/Z\/OArdwNSjGQBg9iePycnQ\/armas.jpg\" alt=\"Armas e muni\u00e7\u00f5es foram apreendidas durante opera\u00e7\u00e3o \u2014 Foto: Divulga\u00e7\u00e3o\/PM\"\/><figcaption> Armas e muni\u00e7\u00f5es foram apreendidas durante opera\u00e7\u00e3o \u2014 Foto: Divulga\u00e7\u00e3o\/PM <\/figcaption><\/figure>\n\n\n\n<p style=\"text-align:justify\">Um homem acusado de matar a pr\u00f3pria esposa foi preso nesta quarta-feira (7) durante opera\u00e7\u00e3o em Fronteiras, Sul do Piau\u00ed. Segundo a pol\u00edcia, o crime aconteceu em 2016 e desde ent\u00e3o, Valdivino Pereira de Alencar estava foragido.<\/p>\n\n\n\n<p style=\"text-align:justify\">As pris\u00f5es do acusado e mais dois homens aconteceram durante o cumprimento de sete mandados de busca e apreens\u00e3o na zona rural de Vila Nova do Piau\u00ed. Com eles foram apreendidos quatro armas, sendo dois rev\u00f3lveres e duas espingardas, al\u00e9m de muni\u00e7\u00f5es.<\/p>\n\n\n\n<p style=\"text-align:justify\">&#8220;Os dois homens presos eram irm\u00e3o e cunhado do acusado de feminic\u00eddio. Todos foram autuados por porte ilegal de arma e encaminhados ao distrito de Fronteiras. Somente o Valdivino Pereira tinha um mandado de pris\u00e3o em aberto pelo crime de feminic\u00eddio&#8221;, explicou o tenente Gilson Medeiros, comandante da Pol\u00edcia Militar de Fronteiras.<\/p>\n\n\n\n<p style=\"text-align:justify\">Valdivino Pereira \u00e9 acusado atirar contra Marly Maria de S\u00e1, que faleceu em decorr\u00eancia dos ferimentos em fevereiro de 2016, na cidade de S\u00e3o Juli\u00e3o.<\/p>\n\n\n\n<p><strong>Fonte: G1 Piau\u00ed<\/strong><\/p>\n","protected":false},"excerpt":{"rendered":"<p>Por Breno Luis &#8211; 07 de agosto de 2019 Um homem acusado de matar a pr\u00f3pria esposa foi preso nesta quarta-feira (7) durante opera\u00e7\u00e3o em Fronteiras, Sul do Piau\u00ed. Segundo a pol\u00edcia, o crime aconteceu em 2016 e desde ent\u00e3o, Valdivino Pereira de Alencar estava foragido. As pris\u00f5es do acusado e mais dois homens aconteceram [&hellip;]<\/p>\n","protected":false},"author":1,"featured_media":1065,"comment_status":"open","ping_status":"open","sticky":false,"template":"","format":"standard","meta":{"beyondwords_generate_audio":"","beyondwords_project_id":"","beyondwords_podcast_id":"","beyondwords_hash":"","beyondwords_error_message":"","beyondwords_disabled":"","publish_post_to_speechkit":"","speechkit_generate_audio":"","speechkit_project_id":"","speechkit_podcast_id":"","speechkit_hash":"","speechkit_error_message":"","speechkit_disabled":"","speechkit_access_key":"","speechkit_error":"","speechkit_info":"","speechkit_response":"","speechkit_retries":"","_speechkit_link":"","_speechkit_text":""},"categories":[1184,124,51,78,1421],"tags":[1127,52,79,1439,1422],"jetpack_featured_media_url":"","_links":{"self":[{"href":"https:\/\/pinews.com.br\/index.php\/wp-json\/wp\/v2\/posts\/1064"}],"collection":[{"href":"https:\/\/pinews.com.br\/index.php\/wp-json\/wp\/v2\/posts"}],"about":[{"href":"https:\/\/pinews.com.br\/index.php\/wp-json\/wp\/v2\/types\/post"}],"author":[{"embeddable":true,"href":"https:\/\/pinews.com.br\/index.php\/wp-json\/wp\/v2\/users\/1"}],"replies":[{"embeddable":true,"href":"https:\/\/pinews.com.br\/index.php\/wp-json\/wp\/v2\/comments?post=1064"}],"version-history":[{"count":0,"href":"https:\/\/pinews.com.br\/index.php\/wp-json\/wp\/v2\/posts\/1064\/revisions"}],"wp:featuredmedia":[{"embeddable":true,"href":"https:\/\/pinews.com.br\/index.php\/wp-json\/"}],"wp:attachment":[{"href":"https:\/\/pinews.com.br\/index.php\/wp-json\/wp\/v2\/media?parent=1064"}],"wp:term":[{"taxonomy":"category","embeddable":true,"href":"https:\/\/pinews.com.br\/index.php\/wp-json\/wp\/v2\/categories?post=1064"},{"taxonomy":"post_tag","embeddable":true,"href":"https:\/\/pinews.com.br\/index.php\/wp-json\/wp\/v2\/tags?post=1064"}],"curies":[{"name":"wp","href":"https:\/\/api.w.org\/{rel}","templated":true}]}}