{"id":10848,"date":"2020-07-25T20:35:06","date_gmt":"2020-07-25T23:35:06","guid":{"rendered":"https:\/\/pinews.com.br\/?p=10848"},"modified":"2020-07-25T20:35:06","modified_gmt":"2020-07-25T23:35:06","slug":"jovem-e-preso-suspeito-de-estuprar-menina-de-8-anos-no-piaui","status":"publish","type":"post","link":"https:\/\/pinews.com.br\/index.php\/2020\/07\/25\/jovem-e-preso-suspeito-de-estuprar-menina-de-8-anos-no-piaui\/","title":{"rendered":"Jovem \u00e9 preso suspeito de estuprar menina de 8 anos no Piau\u00ed"},"content":{"rendered":"\n<p>Um homem de 18 anos foi preso na manh\u00e3 de s\u00e1bado (25) suspeito de estuprar uma menina de oito anos em uma localidade rural de&nbsp;<a href=\"https:\/\/g1.globo.com\/pi\/piaui\/cidade\/caraubas-do-piaui\/\">Cara\u00fabas do Piau\u00ed,<\/a>&nbsp;no Norte do estado. A Pol\u00edcia Civil continua investigando outras den\u00fancias de estupro de vulner\u00e1vel que o rapaz teria cometido.<\/p>\n\n\n\n<p>De acordo com o delegado F\u00e1bio Bhering, da Delegacia de&nbsp;<a href=\"https:\/\/g1.globo.com\/pi\/piaui\/cidade\/buriti-dos-lopes\/\">Buriti dos Lopes<\/a>, o homem teria atra\u00eddo a menina at\u00e9 sua casa e trancado a v\u00edtima dentro. O suspeito teria ainda coberto o rosto da v\u00edtima com um pano preto, e em seguida cometido o estupro.<\/p>\n\n\n\n<blockquote class=\"wp-block-quote\"><p>\u201cEla estava passeando de bicicleta, e ele chamou ela, disse que tinha uma surpresa pra ela. Ela \u00e9 uma crian\u00e7a, e acreditou. E a\u00ed quando ela entrou, ele trancou a porta da casa\u201d, disse o delegado.<\/p><\/blockquote>\n\n\n\n<p>Segundo o delegado, o crime aconteceu no in\u00edcio do ano. \u201cPassou algum tempo at\u00e9 que a menina conseguisse tomar coragem para contar o que aconteceu para os pais\u201d, disse. O suspeito teria ainda amea\u00e7ado a menina caso ela contasse.<\/p>\n\n\n\n<p>Depois que a menina denunciou, os pais a levaram ela at\u00e9 o Conselho Tutelar. Em seguida, a Pol\u00edcia Civil foi acionada e ap\u00f3s a investiga\u00e7\u00e3o, pediu \u00e0 Justi\u00e7a pela pris\u00e3o do suspeito.<\/p>\n\n\n\n<p>O delegado contou ainda que pediu que que o pedido fosse analisado com urg\u00eancia por que o suspeito se preparava para viajar para S\u00e3o Paulo. A pris\u00e3o aconteceu na manh\u00e3 deste s\u00e1bado (25), no mesma localidade onde ocorreu o crime.<\/p>\n\n\n\n<p>O suspeito foi encaminhado para a Penitenci\u00e1ria Mista de Parna\u00edba. A Pol\u00edcia Civil continua investigando outras den\u00fancias feitas contra o mesmo homem sobre outros crimes de estupro de vulner\u00e1vel.<\/p>\n\n\n\n<p><strong>Fonte: G1 PI <\/strong><\/p>\n","protected":false},"excerpt":{"rendered":"<p>Um homem de 18 anos foi preso na manh\u00e3 de s\u00e1bado (25) suspeito de estuprar uma menina de oito anos em uma localidade rural de&nbsp;Cara\u00fabas do Piau\u00ed,&nbsp;no Norte do estado. A Pol\u00edcia Civil continua investigando outras den\u00fancias de estupro de vulner\u00e1vel que o rapaz teria cometido. De acordo com o delegado F\u00e1bio Bhering, da Delegacia [&hellip;]<\/p>\n","protected":false},"author":4,"featured_media":10849,"comment_status":"open","ping_status":"open","sticky":false,"template":"","format":"standard","meta":{"beyondwords_generate_audio":"","beyondwords_project_id":"","beyondwords_podcast_id":"","beyondwords_hash":"","beyondwords_error_message":"","beyondwords_disabled":"","publish_post_to_speechkit":"","speechkit_generate_audio":"","speechkit_project_id":"","speechkit_podcast_id":"","speechkit_hash":"","speechkit_error_message":"","speechkit_disabled":"","speechkit_access_key":"","speechkit_error":"","speechkit_info":"","speechkit_response":"","speechkit_retries":"","_speechkit_link":"","_speechkit_text":""},"categories":[51,78],"tags":[2712,4094,52,4095],"jetpack_featured_media_url":"","_links":{"self":[{"href":"https:\/\/pinews.com.br\/index.php\/wp-json\/wp\/v2\/posts\/10848"}],"collection":[{"href":"https:\/\/pinews.com.br\/index.php\/wp-json\/wp\/v2\/posts"}],"about":[{"href":"https:\/\/pinews.com.br\/index.php\/wp-json\/wp\/v2\/types\/post"}],"author":[{"embeddable":true,"href":"https:\/\/pinews.com.br\/index.php\/wp-json\/wp\/v2\/users\/4"}],"replies":[{"embeddable":true,"href":"https:\/\/pinews.com.br\/index.php\/wp-json\/wp\/v2\/comments?post=10848"}],"version-history":[{"count":0,"href":"https:\/\/pinews.com.br\/index.php\/wp-json\/wp\/v2\/posts\/10848\/revisions"}],"wp:featuredmedia":[{"embeddable":true,"href":"https:\/\/pinews.com.br\/index.php\/wp-json\/"}],"wp:attachment":[{"href":"https:\/\/pinews.com.br\/index.php\/wp-json\/wp\/v2\/media?parent=10848"}],"wp:term":[{"taxonomy":"category","embeddable":true,"href":"https:\/\/pinews.com.br\/index.php\/wp-json\/wp\/v2\/categories?post=10848"},{"taxonomy":"post_tag","embeddable":true,"href":"https:\/\/pinews.com.br\/index.php\/wp-json\/wp\/v2\/tags?post=10848"}],"curies":[{"name":"wp","href":"https:\/\/api.w.org\/{rel}","templated":true}]}}