{"id":1107,"date":"2019-08-10T10:00:29","date_gmt":"2019-08-10T13:00:29","guid":{"rendered":"https:\/\/pinews.com.br\/?p=1107"},"modified":"2019-08-10T10:00:29","modified_gmt":"2019-08-10T13:00:29","slug":"mulher-morre-apos-colidir-moto-na-traseira-de-caminhao-na-br-222","status":"publish","type":"post","link":"https:\/\/pinews.com.br\/index.php\/2019\/08\/10\/mulher-morre-apos-colidir-moto-na-traseira-de-caminhao-na-br-222\/","title":{"rendered":"Mulher morre ap\u00f3s colidir moto na traseira de caminh\u00e3o na BR-222"},"content":{"rendered":"\n<p>Por <strong>Breno Luis<\/strong> &#8211; 10 de agosto de 2019<\/p>\n\n\n\n<figure class=\"wp-block-image\"><img decoding=\"async\" src=\"https:\/\/s2.glbimg.com\/VsRjZ9zmfjtUnQwFdQJJx58j8so=\/0x0:790x450\/984x0\/smart\/filters:strip_icc()\/i.s3.glbimg.com\/v1\/AUTH_59edd422c0c84a879bd37670ae4f538a\/internal_photos\/bs\/2019\/r\/8\/c6i8GYQs2dVscEmVSq5w\/acidente.jpg\" alt=\"Mulher morreu ao colidir na traseira de ca\u00e7amba \u2014 Foto: Divulga\u00e7\u00e3o\/PM\"\/><figcaption> Mulher morreu ao colidir na traseira de ca\u00e7amba \u2014 Foto: Divulga\u00e7\u00e3o\/PM <\/figcaption><\/figure>\n\n\n\n<p style=\"text-align:justify\">Uma mulher identificada como Maria da Concei\u00e7\u00e3o da Silva Ferreira morreu durante um acidente entre uma moto e um caminh\u00e3o, por volta das 13h30 desta sexta-feira (9), na BR-222, entre os munic\u00edpios de Batalha e Esperantina. Segundo a pol\u00edcia, o motorista da ca\u00e7amba fugiu ap\u00f3s a colis\u00e3o e ainda n\u00e3o foi identificado.<\/p>\n\n\n\n<p style=\"text-align:justify\">&#8220;Populares relataram que o motorista parou na rodovia e a condutora da moto n\u00e3o percebeu, e acabou batendo na traseira do caminh\u00e3o. A v\u00edtima Maria da Concei\u00e7\u00e3o da Silva Ferreira estava de capacete, mas mesmo assim n\u00e3o resistiu e morreu no local&#8221;, contou o sargento Queiroz, da Pol\u00edcia Militar de Batalha.<\/p>\n\n\n\n<figure class=\"wp-block-image\"><img decoding=\"async\" src=\"https:\/\/s2.glbimg.com\/JcjiiIojohTOfkEbKAisaSIrV4I=\/0x0:1032x774\/984x0\/smart\/filters:strip_icc()\/i.s3.glbimg.com\/v1\/AUTH_59edd422c0c84a879bd37670ae4f538a\/internal_photos\/bs\/2019\/i\/Z\/rXy0FXSR2JwlODrI0cjA\/moto-envolvida-no-acidente.jfif\" alt=\"Moto da v\u00edtima foi parar em matagal na BR-222 \u2014 Foto: Divulga\u00e7\u00e3o\/PM\"\/><figcaption> Moto da v\u00edtima foi parar em matagal na BR-222 \u2014 Foto: Divulga\u00e7\u00e3o\/PM <\/figcaption><\/figure>\n\n\n\n<p style=\"text-align:justify\">Durante a colis\u00e3o, a v\u00edtima caiu no acostamento e a moto foi encontrada no matagal \u00e0 margem da rodovia. O corpo foi encaminhado para o Hospital Regional de Batalha.<\/p>\n\n\n\n<h2>Mais acidente<\/h2>\n\n\n\n<p style=\"text-align:justify\">Outro acidente foi registrado na PI-110, entre Barras e Batalha. Um casal com uma crian\u00e7a ficaram feridos depois que um carro bateu na moto da fam\u00edlia.<\/p>\n\n\n\n<p style=\"text-align:justify\">A colis\u00e3o aconteceu por volta das 14h30 desta sexta-feira (9). A Pol\u00edcia Militar foi acionada para a ocorr\u00eancia.<\/p>\n\n\n\n<p><strong>Fonte: G1 Piau\u00ed<\/strong><\/p>\n","protected":false},"excerpt":{"rendered":"<p>Por Breno Luis &#8211; 10 de agosto de 2019 Uma mulher identificada como Maria da Concei\u00e7\u00e3o da Silva Ferreira morreu durante um acidente entre uma moto e um caminh\u00e3o, por volta das 13h30 desta sexta-feira (9), na BR-222, entre os munic\u00edpios de Batalha e Esperantina. Segundo a pol\u00edcia, o motorista da ca\u00e7amba fugiu ap\u00f3s a [&hellip;]<\/p>\n","protected":false},"author":1,"featured_media":1109,"comment_status":"open","ping_status":"open","sticky":false,"template":"","format":"standard","meta":{"beyondwords_generate_audio":"","beyondwords_project_id":"","beyondwords_podcast_id":"","beyondwords_hash":"","beyondwords_error_message":"","beyondwords_disabled":"","publish_post_to_speechkit":"","speechkit_generate_audio":"","speechkit_project_id":"","speechkit_podcast_id":"","speechkit_hash":"","speechkit_error_message":"","speechkit_disabled":"","speechkit_access_key":"","speechkit_error":"","speechkit_info":"","speechkit_response":"","speechkit_retries":"","_speechkit_link":"","_speechkit_text":""},"categories":[1184,134,51],"tags":[176,1455,304,135,1456],"jetpack_featured_media_url":"","_links":{"self":[{"href":"https:\/\/pinews.com.br\/index.php\/wp-json\/wp\/v2\/posts\/1107"}],"collection":[{"href":"https:\/\/pinews.com.br\/index.php\/wp-json\/wp\/v2\/posts"}],"about":[{"href":"https:\/\/pinews.com.br\/index.php\/wp-json\/wp\/v2\/types\/post"}],"author":[{"embeddable":true,"href":"https:\/\/pinews.com.br\/index.php\/wp-json\/wp\/v2\/users\/1"}],"replies":[{"embeddable":true,"href":"https:\/\/pinews.com.br\/index.php\/wp-json\/wp\/v2\/comments?post=1107"}],"version-history":[{"count":0,"href":"https:\/\/pinews.com.br\/index.php\/wp-json\/wp\/v2\/posts\/1107\/revisions"}],"wp:featuredmedia":[{"embeddable":true,"href":"https:\/\/pinews.com.br\/index.php\/wp-json\/"}],"wp:attachment":[{"href":"https:\/\/pinews.com.br\/index.php\/wp-json\/wp\/v2\/media?parent=1107"}],"wp:term":[{"taxonomy":"category","embeddable":true,"href":"https:\/\/pinews.com.br\/index.php\/wp-json\/wp\/v2\/categories?post=1107"},{"taxonomy":"post_tag","embeddable":true,"href":"https:\/\/pinews.com.br\/index.php\/wp-json\/wp\/v2\/tags?post=1107"}],"curies":[{"name":"wp","href":"https:\/\/api.w.org\/{rel}","templated":true}]}}