{"id":1125,"date":"2019-08-11T20:17:44","date_gmt":"2019-08-11T23:17:44","guid":{"rendered":"https:\/\/pinews.com.br\/?p=1125"},"modified":"2019-08-11T20:17:44","modified_gmt":"2019-08-11T23:17:44","slug":"homem-e-assassinado-no-piaui-com-varios-tiros-enquanto-pedalava","status":"publish","type":"post","link":"https:\/\/pinews.com.br\/index.php\/2019\/08\/11\/homem-e-assassinado-no-piaui-com-varios-tiros-enquanto-pedalava\/","title":{"rendered":"Homem \u00e9 assassinado no Piau\u00ed com v\u00e1rios tiros enquanto pedalava"},"content":{"rendered":"\n<p>Por <strong>Breno Luis <\/strong>&#8211; 11 de agosto de 2019<\/p>\n\n\n\n<figure class=\"wp-block-image\"><img decoding=\"async\" src=\"https:\/\/s2.glbimg.com\/N7yDfa5sCubU995ZPKG_tZHsf0o=\/0x0:1600x1066\/984x0\/smart\/filters:strip_icc()\/s.glbimg.com\/jo\/g1\/f\/original\/2019\/02\/06\/iml.jpg\" alt=\"Viatura do Instituto M\u00e9dico Legal IML Teresina Piau\u00ed \u2014 Foto: Andr\u00ea Nascimento\/ G1 PI\"\/><figcaption> Viatura do Instituto M\u00e9dico Legal IML Teresina Piau\u00ed \u2014 Foto: Andr\u00ea Nascimento\/ G1 PI <\/figcaption><\/figure>\n\n\n\n<p style=\"text-align:justify\">Um homem identificado como Francisco da Silva Rosa Filho, de 36 anos, foi encontrado morto a tiros em uma rua da cidade de S\u00e3o Jo\u00e3o do Arraial, a 220 km de Teresina. At\u00e9 o momento, nenhum suspeito pelo crime foi identificado com preso.<\/p>\n\n\n\n<p style=\"text-align:justify\">De acordo com a Pol\u00edcia Militar da cidade, o corpo de Francisco da Silva Rosa foi encontrado por volta das 4h da manh\u00e3 de domingo (11), na zona urbana de S\u00e3o Jo\u00e3o do Arraial. Uma bicicleta foi encontrada ao lado da v\u00edtima, indicando que ele pedalava quando foi alvejado.<\/p>\n\n\n\n<p style=\"text-align:justify\">A v\u00edtima apresentava diversos ferimentos feitos por disparos de arma de fogo pelo corpo. De acordo com a PM, apesar de ter sido encontrado morto, familiares da v\u00edtima ainda tentaram leva-lo at\u00e9 a Unidade B\u00e1sica de Sa\u00fade da cidade.<\/p>\n\n\n\n<p><strong>Fonte: G1 Piau\u00ed<\/strong><\/p>\n","protected":false},"excerpt":{"rendered":"<p>Por Breno Luis &#8211; 11 de agosto de 2019 Um homem identificado como Francisco da Silva Rosa Filho, de 36 anos, foi encontrado morto a tiros em uma rua da cidade de S\u00e3o Jo\u00e3o do Arraial, a 220 km de Teresina. At\u00e9 o momento, nenhum suspeito pelo crime foi identificado com preso. De acordo com [&hellip;]<\/p>\n","protected":false},"author":1,"featured_media":845,"comment_status":"open","ping_status":"open","sticky":false,"template":"","format":"standard","meta":{"beyondwords_generate_audio":"","beyondwords_project_id":"","beyondwords_podcast_id":"","beyondwords_hash":"","beyondwords_error_message":"","beyondwords_disabled":"","publish_post_to_speechkit":"","speechkit_generate_audio":"","speechkit_project_id":"","speechkit_podcast_id":"","speechkit_hash":"","speechkit_error_message":"","speechkit_disabled":"","speechkit_access_key":"","speechkit_error":"","speechkit_info":"","speechkit_response":"","speechkit_retries":"","_speechkit_link":"","_speechkit_text":""},"categories":[1184,51,78],"tags":[1465,1466,52],"jetpack_featured_media_url":"","_links":{"self":[{"href":"https:\/\/pinews.com.br\/index.php\/wp-json\/wp\/v2\/posts\/1125"}],"collection":[{"href":"https:\/\/pinews.com.br\/index.php\/wp-json\/wp\/v2\/posts"}],"about":[{"href":"https:\/\/pinews.com.br\/index.php\/wp-json\/wp\/v2\/types\/post"}],"author":[{"embeddable":true,"href":"https:\/\/pinews.com.br\/index.php\/wp-json\/wp\/v2\/users\/1"}],"replies":[{"embeddable":true,"href":"https:\/\/pinews.com.br\/index.php\/wp-json\/wp\/v2\/comments?post=1125"}],"version-history":[{"count":0,"href":"https:\/\/pinews.com.br\/index.php\/wp-json\/wp\/v2\/posts\/1125\/revisions"}],"wp:featuredmedia":[{"embeddable":true,"href":"https:\/\/pinews.com.br\/index.php\/wp-json\/"}],"wp:attachment":[{"href":"https:\/\/pinews.com.br\/index.php\/wp-json\/wp\/v2\/media?parent=1125"}],"wp:term":[{"taxonomy":"category","embeddable":true,"href":"https:\/\/pinews.com.br\/index.php\/wp-json\/wp\/v2\/categories?post=1125"},{"taxonomy":"post_tag","embeddable":true,"href":"https:\/\/pinews.com.br\/index.php\/wp-json\/wp\/v2\/tags?post=1125"}],"curies":[{"name":"wp","href":"https:\/\/api.w.org\/{rel}","templated":true}]}}