{"id":11332,"date":"2020-08-03T11:36:18","date_gmt":"2020-08-03T14:36:18","guid":{"rendered":"https:\/\/pinews.com.br\/?p=11332"},"modified":"2020-08-03T11:36:18","modified_gmt":"2020-08-03T14:36:18","slug":"diario-oficial-traz-calendario-para-novos-beneficiarios-do-auxilio-emergencial","status":"publish","type":"post","link":"https:\/\/pinews.com.br\/index.php\/2020\/08\/03\/diario-oficial-traz-calendario-para-novos-beneficiarios-do-auxilio-emergencial\/","title":{"rendered":"Di\u00e1rio Oficial traz calend\u00e1rio para novos benefici\u00e1rios do aux\u00edlio emergencial"},"content":{"rendered":"\n<p>O Minist\u00e9rio da Cidadania publicou hoje (3) no&nbsp;<em>Di\u00e1rio Oficial da Uni\u00e3o<\/em>&nbsp;portaria com calend\u00e1rio de pagamento do aux\u00edlio emergencial para benefici\u00e1rios que tenham feito contesta\u00e7\u00e3o ao resultado do cadastro e foram considerados eleg\u00edveis.<img decoding=\"async\" src=\"https:\/\/agenciabrasil.ebc.com.br\/ebc.png?id=1312826&amp;o=node\"><img decoding=\"async\" src=\"https:\/\/agenciabrasil.ebc.com.br\/ebc.gif?id=1312826&amp;o=node\"><\/p>\n\n\n\n<p>Segundo a portaria, tem direito o p\u00fablico benefici\u00e1rio do aux\u00edlio emergencial que tenha feito o procedimento de contesta\u00e7\u00e3o por meio da plataforma digital entre os dias 24 de abril e 19 de julho de 2020 e tenha sido considerado eleg\u00edvel receber\u00e1 o cr\u00e9dito da primeira parcela em poupan\u00e7a social digital aberta em seu nome, conforme o seguinte calend\u00e1rio:<\/p>\n\n\n\n<h2>Cr\u00e9dito em poupan\u00e7a social digital da Caixa<\/h2>\n\n\n\n<figure class=\"wp-block-image\"><img decoding=\"async\" src=\"https:\/\/imagens.ebc.com.br\/ahYT8GRdA6oBWj-2WWMmC6qtKyM=\/463x0\/smart\/https:\/\/agenciabrasil.ebc.com.br\/sites\/default\/files\/thumbnails\/image\/tabela_1_caixa.jpg?itok=uCxgxDnM\" alt=\"Cr\u00e9dito em poupan\u00e7a social digital da Caixa\" title=\"Divulga\u00e7\u00e3o\/Caixa\"\/><\/figure>\n\n\n\n<p>De acordo com a portaria, o p\u00fablico benefici\u00e1rio do aux\u00edlio emergencial que tenha recebido a primeira parcela em abril de 2020 e teve o pagamento reavaliado em julho de 2020, decorrente de atualiza\u00e7\u00f5es de dados governamentais, receber\u00e1 o cr\u00e9dito da terceira e quarta parcelas em poupan\u00e7a social digital aberta em seu nome, tamb\u00e9m receber\u00e1 conforme esse calend\u00e1rio.<\/p>\n\n\n\n<p>A portaria diz ainda que nas datas indicadas nesse calend\u00e1rio, os recursos estar\u00e3o dispon\u00edveis apenas para o pagamento de contas, de boletos e para realiza\u00e7\u00e3o de compras por meio de cart\u00e3o de d\u00e9bito virtual ou QR Code.<\/p>\n\n\n\n<h2>Os saques e transfer\u00eancias banc\u00e1rias seguem o seguinte calend\u00e1rio:<\/h2>\n\n\n\n<figure class=\"wp-block-image\"><img decoding=\"async\" src=\"https:\/\/imagens.ebc.com.br\/zuisdjWn6N5KCJqWgJGELd2AiDA=\/463x0\/smart\/https:\/\/agenciabrasil.ebc.com.br\/sites\/default\/files\/thumbnails\/image\/tabela_2_0.jpg?itok=aQNmhiec\" alt=\"Saque em Dinheiro aux\u00edlio emergencial\" title=\"Divulga\u00e7\u00e3o\/Caixa\"\/><\/figure>\n\n\n\n<p>A transfer\u00eancia \u00e9 feita automaticamente para a conta indicada no momento do cadastro.<\/p>\n\n\n\n<p>Edi\u00e7\u00e3o: Val\u00e9ria Aguiar<\/p>\n\n\n\n<p><strong>Fonte: Ag\u00eancia Brasil<\/strong><\/p>\n","protected":false},"excerpt":{"rendered":"<p>O Minist\u00e9rio da Cidadania publicou hoje (3) no&nbsp;Di\u00e1rio Oficial da Uni\u00e3o&nbsp;portaria com calend\u00e1rio de pagamento do aux\u00edlio emergencial para benefici\u00e1rios que tenham feito contesta\u00e7\u00e3o ao resultado do cadastro e foram considerados eleg\u00edveis. Segundo a portaria, tem direito o p\u00fablico benefici\u00e1rio do aux\u00edlio emergencial que tenha feito o procedimento de contesta\u00e7\u00e3o por meio da plataforma digital [&hellip;]<\/p>\n","protected":false},"author":1,"featured_media":9710,"comment_status":"open","ping_status":"open","sticky":false,"template":"","format":"standard","meta":{"beyondwords_generate_audio":"","beyondwords_project_id":"","beyondwords_podcast_id":"","beyondwords_hash":"","beyondwords_error_message":"","beyondwords_disabled":"","publish_post_to_speechkit":"","speechkit_generate_audio":"","speechkit_project_id":"","speechkit_podcast_id":"","speechkit_hash":"","speechkit_error_message":"","speechkit_disabled":"","speechkit_access_key":"","speechkit_error":"","speechkit_info":"","speechkit_response":"","speechkit_retries":"","_speechkit_link":"","_speechkit_text":""},"categories":[516],"tags":[2647,2892,4315],"jetpack_featured_media_url":"","_links":{"self":[{"href":"https:\/\/pinews.com.br\/index.php\/wp-json\/wp\/v2\/posts\/11332"}],"collection":[{"href":"https:\/\/pinews.com.br\/index.php\/wp-json\/wp\/v2\/posts"}],"about":[{"href":"https:\/\/pinews.com.br\/index.php\/wp-json\/wp\/v2\/types\/post"}],"author":[{"embeddable":true,"href":"https:\/\/pinews.com.br\/index.php\/wp-json\/wp\/v2\/users\/1"}],"replies":[{"embeddable":true,"href":"https:\/\/pinews.com.br\/index.php\/wp-json\/wp\/v2\/comments?post=11332"}],"version-history":[{"count":0,"href":"https:\/\/pinews.com.br\/index.php\/wp-json\/wp\/v2\/posts\/11332\/revisions"}],"wp:featuredmedia":[{"embeddable":true,"href":"https:\/\/pinews.com.br\/index.php\/wp-json\/"}],"wp:attachment":[{"href":"https:\/\/pinews.com.br\/index.php\/wp-json\/wp\/v2\/media?parent=11332"}],"wp:term":[{"taxonomy":"category","embeddable":true,"href":"https:\/\/pinews.com.br\/index.php\/wp-json\/wp\/v2\/categories?post=11332"},{"taxonomy":"post_tag","embeddable":true,"href":"https:\/\/pinews.com.br\/index.php\/wp-json\/wp\/v2\/tags?post=11332"}],"curies":[{"name":"wp","href":"https:\/\/api.w.org\/{rel}","templated":true}]}}