{"id":11558,"date":"2020-08-07T09:02:31","date_gmt":"2020-08-07T12:02:31","guid":{"rendered":"https:\/\/pinews.com.br\/?p=11558"},"modified":"2020-08-07T09:02:31","modified_gmt":"2020-08-07T12:02:31","slug":"embaixada-do-libano-pede-ajuda-humanitaria-apos-explosao-em-beirute","status":"publish","type":"post","link":"https:\/\/pinews.com.br\/index.php\/2020\/08\/07\/embaixada-do-libano-pede-ajuda-humanitaria-apos-explosao-em-beirute\/","title":{"rendered":"Embaixada do L\u00edbano pede ajuda humanit\u00e1ria ap\u00f3s explos\u00e3o em Beirute"},"content":{"rendered":"\n<p>A Embaixada do L\u00edbano em Bras\u00edlia divulgou&nbsp;<a href=\"http:\/\/www.brasilia.mfa.gov.lb\/beirute-urgente\/Beirute-Urgente\" target=\"_blank\" rel=\"noreferrer noopener\">nota em seu site<\/a>&nbsp;e nas&nbsp;<a href=\"https:\/\/www.facebook.com\/libanobrasilia\/\" target=\"_blank\" rel=\"noreferrer noopener\">redes sociais<\/a>&nbsp;onde pede ajuda humanit\u00e1ria \u201cpara o atendimento \u00e0s v\u00edtimas da trag\u00e9dia e para a reconstru\u00e7\u00e3o da \u00e1rea atingida\u201d em Beirute, ap\u00f3s a explos\u00e3o do porto da cidade, pr\u00f3ximo a uma regi\u00e3o de lazer, compras e escrit\u00f3rios &#8211;&nbsp; onde funciona inclusive a Embaixada do Brasil.<img decoding=\"async\" src=\"https:\/\/agenciabrasil.ebc.com.br\/ebc.png?id=1313171&amp;o=node\"><img decoding=\"async\" src=\"https:\/\/agenciabrasil.ebc.com.br\/ebc.gif?id=1313171&amp;o=node\"><\/p>\n\n\n\n<p>De acordo com o comunicado da Embaixada do L\u00edbano, o pa\u00eds precisa de assist\u00eancia m\u00e9dica, \u201cem todos os seus ramos\u201d e suprimentos cir\u00fargicos e hospitalares. Tamb\u00e9m s\u00e3o pedidos materiais de constru\u00e7\u00e3o, \u201cincluindo equipamentos el\u00e9tricos e vidro\u201d e o fornecimento de instala\u00e7\u00f5es e equipamentos para a reconstru\u00e7\u00e3o do Porto de Beirute.<\/p>\n\n\n\n<figure class=\"wp-block-image\"><img decoding=\"async\" src=\"https:\/\/imagens.ebc.com.br\/YwaYktuUwrCo3X9JvS-qCgbg8Gw=\/754x0\/smart\/https:\/\/agenciabrasil.ebc.com.br\/sites\/default\/files\/thumbnails\/image\/2020-08-04t180612z_1146023412_rc257i9d0hem_rtrmadp_3_lebanon-security-blast.jpg?itok=bTBQVzYF\" alt=\" Beirute, explos\u00e3o, zona portu\u00e1ria \" title=\"REUTERS\/Mohamed Azakir\/Direitos reservados\"\/><\/figure>\n\n\n\n<h6>Bombeiros resgatam feridos ap\u00f3s explos\u00e3o na regi\u00e3o portu\u00e1ria de Beirute&nbsp;&#8211;&nbsp;<strong>REUTERS\/Mohamed Azakir\/Direitos reservados<\/strong><\/h6>\n\n\n\n<p>Conforme noticiado pela&nbsp;<strong>Ag\u00eancia Brasil<\/strong>,&nbsp;<a href=\"https:\/\/agenciabrasil.ebc.com.br\/internacional\/noticia\/2020-08\/apos-explosao-libano-tem-reservas-de-graos-para-menos-de-um-mes\" target=\"_blank\" rel=\"noreferrer noopener\">o pa\u00eds est\u00e1 sem reserva de gr\u00e3os<\/a>&nbsp;por causa da destrui\u00e7\u00e3o do silo de armazenamento no Porto de Beirute. Assim, a Embaixada do L\u00edbano pede ainda a doa\u00e7\u00e3o de trigo e farinha, entre outros g\u00eaneros aliment\u00edcios como comida enlatada.<\/p>\n\n\n\n<h2>Destrui\u00e7\u00e3o, trabalho e solidariedade<\/h2>\n\n\n\n<p>Por WhatsApp, a reportagem entrevistou dois brasileiros que moram no L\u00edbano, na regi\u00e3o metropolitana de Beirute, e estiveram nesta quarta-feira&nbsp;(5) na \u00e1rea onde ocorreu a explos\u00e3o. A professora universit\u00e1ria e tradutora Renata Vieira, 50 anos, que esteve na S\u00edria no come\u00e7o da guerra civil, iniciada em 2011, ficou impactada com o n\u00edvel de destrui\u00e7\u00e3o do local.<\/p>\n\n\n\n<p>Tamb\u00e9m causou forte impress\u00e3o a mobiliza\u00e7\u00e3o espont\u00e2nea que viu. Segundo ela, a popula\u00e7\u00e3o da cidade, com m\u00e1scaras, luvas e vassouras, come\u00e7ou a limpar as ruas. Algumas pessoas se encarregaram de fornecer alimento e \u00e1gua para quem estava trabalhando. \u201cIsso foi sem nenhuma organiza\u00e7\u00e3o pr\u00e9via. N\u00e3o foi nenhum grupo que planejou essa a\u00e7\u00e3o. As pessoas foram para as ruas e come\u00e7aram a limpeza\u201d, descreveu.<\/p>\n\n\n\n<p>As imagens de solidariedade tamb\u00e9m comoveram o fot\u00f3grafo e documentarista Mauricio Yazbek, 52 anos. \u201cAs pessoas se uniram muito r\u00e1pido. A cidade est\u00e1 come\u00e7ando a ficar limpa\u201d, disse ao comentar que j\u00e1 havia destro\u00e7os separados para facilitar a circula\u00e7\u00e3o.<\/p>\n\n\n\n<p>Segundo Yasbek, que \u00e9 brasileiro e liban\u00eas (dupla nacionalidade), apesar de ter sido assolada com a explos\u00e3o, Beirute mantinha sinais vitais de urbanidade e vida coletiva. \u201cO L\u00edbano \u00e9 muito diferente. N\u00e3o teve nenhum caso de vandalismo. Voc\u00ea n\u00e3o v\u00ea as pessoas, ao avistarem um carro arrombado [por causa da explos\u00e3o}, tentando ver o que tem dentro (&#8230;) Tinha lojas abertas com equipamento l\u00e1 dentro e n\u00e3o tinha ningu\u00e9m invadindo\u201d, comentou.<\/p>\n\n\n\n<figure class=\"wp-block-image\"><img decoding=\"async\" src=\"https:\/\/imagens.ebc.com.br\/W6mc_69ZQR-jc-jnGAf6zVzV7Yc=\/754x0\/smart\/https:\/\/agenciabrasil.ebc.com.br\/sites\/default\/files\/thumbnails\/image\/2020-08-04t180606z_586801580_rc257i96f6xb_rtrmadp_3_lebanon-security-blast.jpg?itok=jdqVxibI\" alt=\" Beirute, explos\u00e3o, zona portu\u00e1ria \" title=\"REUTERS\/Mohamed Azakir\/Direitos reservados\"\/><\/figure>\n\n\n\n<h6>Pessoas correm ap\u00f3s explos\u00e3o&nbsp;&#8211;&nbsp;<strong>REUTERS\/Mohamed Azakir\/Direitos reservados<\/strong><\/h6>\n\n\n\n<h2>Brasileiros no L\u00edbano<\/h2>\n\n\n\n<p>De acordo com o&nbsp;<a href=\"http:\/\/www.portalconsular.itamaraty.gov.br\/seu-destino\/libano#comunidade-brasileira-e-principais-destinos\" target=\"_blank\" rel=\"noreferrer noopener\">portal consular<\/a>&nbsp;do Minist\u00e9rio das Rela\u00e7\u00f5es Exteriores,&nbsp;\u201cestima-se que haja mais de 16 mil brasileiros residentes no L\u00edbano\u201d. Alguns brasileiros t\u00eam fun\u00e7\u00e3o destacada na manuten\u00e7\u00e3o da paz na regi\u00e3o.<\/p>\n\n\n\n<p>Desde 2011, a&nbsp;<a href=\"https:\/\/agenciabrasil.ebc.com.br\/geral\/noticia\/2020-08\/militares-brasileiros-em-beirute-estao-bem-diz-marinha\" target=\"_blank\" rel=\"noreferrer noopener\">Marinha do Brasil<\/a>&nbsp;lidera a For\u00e7a-Tarefa Mar\u00edtima (FTM), com mais de 700 militares de navios da Alemanha, Bangladesh, Gr\u00e9cia, Indon\u00e9sia, Turquia e Brasil, e que comp\u00f5e&nbsp;a For\u00e7a Interina das Na\u00e7\u00f5es Unidas no L\u00edbano (Unifil). Segundo as Na\u00e7\u00f5es Unidas, Ap\u00f3s as explos\u00f5es, 23 soldados da for\u00e7a interina tiveram que ser atendidos em hospital, 18 foram liberados. Dos restantes,&nbsp;dois capacetes azuis continuam em condi\u00e7\u00f5es cr\u00edticas, mas est\u00e1veis.\u201d Nenhum deles \u00e9 brasileiro.<\/p>\n\n\n\n<p>A Embaixada do Brasil em Beirute se colocou&nbsp;dispon\u00edvel para informa\u00e7\u00f5es sobre a situa\u00e7\u00e3o dos brasileiros no L\u00edbano pelo n\u00famero +961 70108374. O n\u00facleo de assist\u00eancia a brasileiros do&nbsp;<a href=\"https:\/\/agenciabrasil.ebc.com.br\/internacional\/noticia\/2020-08\/itamaraty-acompanha-situacao-de-brasileiros-em-beirute-apos-explosao\" target=\"_blank\" rel=\"noreferrer noopener\">Minist\u00e9rio das Rela\u00e7\u00f5es Exteriores<\/a>&nbsp;em Bras\u00edlia tamb\u00e9m foi posto&nbsp;\u00e0 disposi\u00e7\u00e3o para informa\u00e7\u00f5es, de segunda a sexta-feira, das 9h \u00e0s 19h, pelos telefones +55 61 2030 8820\/6756\/6753 e pelo&nbsp;e-mail&nbsp;dac@itamaraty.gov.br. Nos demais hor\u00e1rios, poder\u00e1 ser contatado o telefone do plant\u00e3o consular da Secretaria de Assuntos de Soberania Nacional e Cidadania do Itamaraty pelo n\u00famero +55 61 98197-2284.&#8221;<\/p>\n\n\n\n<p>Um comit\u00ea institu\u00eddo pelo governo do L\u00edbano&nbsp;<a href=\"https:\/\/agenciabrasil.ebc.com.br\/internacional\/noticia\/2020-08\/libano-prende-16-em-investigacao-sobre-explosao-no-porto-de-beirute\" target=\"_blank\" rel=\"noreferrer noopener\">investiga as causas da explos\u00e3o<\/a>, inclusive se estaria relacionado ao armazenamento de 2.750 toneladas de nitrato de am\u00f4nio no Porto de Beirute. A carga explosiva, utilizada para produzir fertilizantes, estava em um navio Russo com destino \u00e0 Mo\u00e7ambique e foi apreendida em 2013 pelas autoridades portu\u00e1rias libanesas.<\/p>\n\n\n\n<p>Segundo a ag\u00eancia Reuters, pelo menos 135 pessoas morreram&nbsp;e 5 mil ficaram feridas na explos\u00e3o, que tamb\u00e9m deixou at\u00e9 250 mil pessoas desabrigadas, ap\u00f3s ondas de choque destru\u00edrem fachadas de edif\u00edcios.&nbsp;<\/p>\n\n\n\n<p><em>*Colaborou Jonas Valente<\/em><\/p>\n\n\n\n<p>Edi\u00e7\u00e3o: Aline Leal<\/p>\n\n\n\n<p><strong>Fonte: Ag\u00eancia Brasil<\/strong><\/p>\n","protected":false},"excerpt":{"rendered":"<p>A Embaixada do L\u00edbano em Bras\u00edlia divulgou&nbsp;nota em seu site&nbsp;e nas&nbsp;redes sociais&nbsp;onde pede ajuda humanit\u00e1ria \u201cpara o atendimento \u00e0s v\u00edtimas da trag\u00e9dia e para a reconstru\u00e7\u00e3o da \u00e1rea atingida\u201d em Beirute, ap\u00f3s a explos\u00e3o do porto da cidade, pr\u00f3ximo a uma regi\u00e3o de lazer, compras e escrit\u00f3rios &#8211;&nbsp; onde funciona inclusive a Embaixada do Brasil. [&hellip;]<\/p>\n","protected":false},"author":1,"featured_media":11559,"comment_status":"open","ping_status":"open","sticky":false,"template":"","format":"standard","meta":{"beyondwords_generate_audio":"","beyondwords_project_id":"","beyondwords_podcast_id":"","beyondwords_hash":"","beyondwords_error_message":"","beyondwords_disabled":"","publish_post_to_speechkit":"","speechkit_generate_audio":"","speechkit_project_id":"","speechkit_podcast_id":"","speechkit_hash":"","speechkit_error_message":"","speechkit_disabled":"","speechkit_access_key":"","speechkit_error":"","speechkit_info":"","speechkit_response":"","speechkit_retries":"","_speechkit_link":"","_speechkit_text":""},"categories":[1147],"tags":[4428,4429,4430],"jetpack_featured_media_url":"","_links":{"self":[{"href":"https:\/\/pinews.com.br\/index.php\/wp-json\/wp\/v2\/posts\/11558"}],"collection":[{"href":"https:\/\/pinews.com.br\/index.php\/wp-json\/wp\/v2\/posts"}],"about":[{"href":"https:\/\/pinews.com.br\/index.php\/wp-json\/wp\/v2\/types\/post"}],"author":[{"embeddable":true,"href":"https:\/\/pinews.com.br\/index.php\/wp-json\/wp\/v2\/users\/1"}],"replies":[{"embeddable":true,"href":"https:\/\/pinews.com.br\/index.php\/wp-json\/wp\/v2\/comments?post=11558"}],"version-history":[{"count":0,"href":"https:\/\/pinews.com.br\/index.php\/wp-json\/wp\/v2\/posts\/11558\/revisions"}],"wp:featuredmedia":[{"embeddable":true,"href":"https:\/\/pinews.com.br\/index.php\/wp-json\/"}],"wp:attachment":[{"href":"https:\/\/pinews.com.br\/index.php\/wp-json\/wp\/v2\/media?parent=11558"}],"wp:term":[{"taxonomy":"category","embeddable":true,"href":"https:\/\/pinews.com.br\/index.php\/wp-json\/wp\/v2\/categories?post=11558"},{"taxonomy":"post_tag","embeddable":true,"href":"https:\/\/pinews.com.br\/index.php\/wp-json\/wp\/v2\/tags?post=11558"}],"curies":[{"name":"wp","href":"https:\/\/api.w.org\/{rel}","templated":true}]}}