{"id":11979,"date":"2020-08-14T13:14:12","date_gmt":"2020-08-14T16:14:12","guid":{"rendered":"https:\/\/pinews.com.br\/?p=11979"},"modified":"2020-08-14T13:14:12","modified_gmt":"2020-08-14T16:14:12","slug":"secretaria-corrige-obito-por-covid-19-de-homem-que-morreu-em-acidente-em-paulistana","status":"publish","type":"post","link":"https:\/\/pinews.com.br\/index.php\/2020\/08\/14\/secretaria-corrige-obito-por-covid-19-de-homem-que-morreu-em-acidente-em-paulistana\/","title":{"rendered":"Secretaria corrige \u00f3bito por Covid-19 de homem que morreu em acidente em Paulistana"},"content":{"rendered":"\n<p>Ap\u00f3s &nbsp;o caso de um homem que morreu ap\u00f3s&nbsp;um acidente e teve a morte registrada como Covid-19, a Secretaria de Sa\u00fade do Piau\u00ed fez a corre\u00e7\u00e3o do caso. A exclus\u00e3o foi divulgada na noite desta quinta-feira (13\/09).<\/p>\n\n\n\n<p>\u201cFoi exclu\u00eddo do boletim desta quinta-feira um \u00f3bito da cidade de Paulistana, registrado ontem. O CIEVS revisou a causa mortis do paciente, que embora tenha positivado para Sars-Cov-19, faleceu em decorr\u00eancia de traumatismo cranioencef\u00e1lico. Com isso, o munic\u00edpio segue sem nenhum \u00f3bito por Covid-19\u201d.<\/p>\n\n\n\n<p><strong>Sobre o caso<\/strong><br>A Prefeitura Municipal de&nbsp;Paulistana, por meio da Secretaria de Sa\u00fade informou, que&nbsp;o primeiro \u00f3bito por Covid-19 da cidade aconteceu na noite da \u00faltima segunda-feira (10\/08), em Teresina, no caso de um homem que estava internado ap\u00f3s sofrer&nbsp;um acidente de moto.<\/p>\n\n\n\n<p>Valdiron Osvaldo de Souza, de 33 anos, foi v\u00edtima de um grave acidente de moto que aconteceu no \u00faltimo s\u00e1bado (08\/08), nas proximidades da localidade Lagoa Velha, Data Jacar\u00e9, Zona Rural de Paulistana.<\/p>\n\n\n\n<p>Ele foi socorrido e levado para o Hospital Regional Mariana Pires Ferreira, sendo transferido para Picos e em seguida para Teresina em decorr\u00eancia da gravidade dos ferimentos.<\/p>\n\n\n\n<p>No Hospital de Urg\u00eancia Teresina,&nbsp;foi submetido ao teste r\u00e1pido e o resultado foi positivo para Covid-19, vindo a \u00f3bito logo ap\u00f3s, tendo como causas principais da morte acidente de tr\u00e1fego com traumatismo cranioencef\u00e1lico&nbsp;e como causa contribuinte a Sars-Cov-19.<\/p>\n\n\n\n<p>\u201cLamentamos profundamente o ocorrido e aproveitamos para transmitir o nosso pesar \u00e0 fam\u00edlia que sofre com a perda de um ente querido\u201d, informou a secretaria em nota.<\/p>\n\n\n\n<figure class=\"wp-block-image\"><a href=\"https:\/\/storage.stwonline.com.br\/180graus\/uploads\/ckeditor\/pictures\/2371711\/117321155-1171415579896575-3804742206277732667-o.jpg\"><img decoding=\"async\" src=\"https:\/\/storage.stwonline.com.br\/180graus\/uploads\/ckeditor\/pictures\/2371711\/117321155-1171415579896575-3804742206277732667-o.jpg\" alt=\"\"\/><\/a><\/figure>\n\n\n\n<p><strong>Popula\u00e7\u00e3o questiona<\/strong><br>O caso gerou uma grande pol\u00eamica. Nas redes sociais da secretaria v\u00e1rios internautas se manifestaram sobre o caso.<\/p>\n\n\n\n<p>\u201cN\u00e3o faz sentido colocar como o primeiro \u00f3bito por covid-19. O rapaz morreu em decorr\u00eancia do acidente. A nota deveria apenas informar que, ap\u00f3s teste r\u00e1pido, ele testou positivo. Mas atestar como primeiro \u00f3bito, n\u00e3o. O Minist\u00e9rio da Sa\u00fade deveria ter algum tipo de protocolo nesses casos, porque \u00e9 bastante confuso\u201d, comentou uma mulher.<\/p>\n\n\n\n<p>\u201cSe a causa da morte foi traumatismo n\u00e3o existe coer\u00eancia alguma com o Covid-19. O rapaz morreu com Covid-19 e n\u00e3o de Covid-19. As coisas devem ser consideradas como de fato s\u00e3o\u201d, disse outro internauta.<\/p>\n\n\n\n<p><strong>Caso registrado no relat\u00f3rio estadual<\/strong><br>Esse \u00f3bito tamb\u00e9m foi registrado, al\u00e9m do relat\u00f3rio do munic\u00edpio, no estadual, que considerou a morte dele em decorr\u00eancia do coronav\u00edrus nesta quarta-feira (12\/08).<\/p>\n\n\n\n<figure class=\"wp-block-image\"><a href=\"https:\/\/storage.stwonline.com.br\/180graus\/uploads\/ckeditor\/pictures\/2371716\/whatsapp-image-2020-08-13-at-11.09.56.png\"><img decoding=\"async\" src=\"https:\/\/storage.stwonline.com.br\/180graus\/uploads\/ckeditor\/pictures\/2371716\/whatsapp-image-2020-08-13-at-11.09.56.png\" alt=\"\"\/><\/a><\/figure>\n\n\n\n<p><strong>Fonte: 180 graus<\/strong><\/p>\n","protected":false},"excerpt":{"rendered":"<p>Ap\u00f3s &nbsp;o caso de um homem que morreu ap\u00f3s&nbsp;um acidente e teve a morte registrada como Covid-19, a Secretaria de Sa\u00fade do Piau\u00ed fez a corre\u00e7\u00e3o do caso. A exclus\u00e3o foi divulgada na noite desta quinta-feira (13\/09). \u201cFoi exclu\u00eddo do boletim desta quinta-feira um \u00f3bito da cidade de Paulistana, registrado ontem. O CIEVS revisou a [&hellip;]<\/p>\n","protected":false},"author":1,"featured_media":11980,"comment_status":"open","ping_status":"open","sticky":false,"template":"","format":"standard","meta":{"beyondwords_generate_audio":"","beyondwords_project_id":"","beyondwords_podcast_id":"","beyondwords_hash":"","beyondwords_error_message":"","beyondwords_disabled":"","publish_post_to_speechkit":"","speechkit_generate_audio":"","speechkit_project_id":"","speechkit_podcast_id":"","speechkit_hash":"","speechkit_error_message":"","speechkit_disabled":"","speechkit_access_key":"","speechkit_error":"","speechkit_info":"","speechkit_response":"","speechkit_retries":"","_speechkit_link":"","_speechkit_text":""},"categories":[51],"tags":[4644,276,4645],"jetpack_featured_media_url":"","_links":{"self":[{"href":"https:\/\/pinews.com.br\/index.php\/wp-json\/wp\/v2\/posts\/11979"}],"collection":[{"href":"https:\/\/pinews.com.br\/index.php\/wp-json\/wp\/v2\/posts"}],"about":[{"href":"https:\/\/pinews.com.br\/index.php\/wp-json\/wp\/v2\/types\/post"}],"author":[{"embeddable":true,"href":"https:\/\/pinews.com.br\/index.php\/wp-json\/wp\/v2\/users\/1"}],"replies":[{"embeddable":true,"href":"https:\/\/pinews.com.br\/index.php\/wp-json\/wp\/v2\/comments?post=11979"}],"version-history":[{"count":0,"href":"https:\/\/pinews.com.br\/index.php\/wp-json\/wp\/v2\/posts\/11979\/revisions"}],"wp:featuredmedia":[{"embeddable":true,"href":"https:\/\/pinews.com.br\/index.php\/wp-json\/"}],"wp:attachment":[{"href":"https:\/\/pinews.com.br\/index.php\/wp-json\/wp\/v2\/media?parent=11979"}],"wp:term":[{"taxonomy":"category","embeddable":true,"href":"https:\/\/pinews.com.br\/index.php\/wp-json\/wp\/v2\/categories?post=11979"},{"taxonomy":"post_tag","embeddable":true,"href":"https:\/\/pinews.com.br\/index.php\/wp-json\/wp\/v2\/tags?post=11979"}],"curies":[{"name":"wp","href":"https:\/\/api.w.org\/{rel}","templated":true}]}}