{"id":12147,"date":"2020-08-18T09:37:31","date_gmt":"2020-08-18T12:37:31","guid":{"rendered":"https:\/\/pinews.com.br\/?p=12147"},"modified":"2020-08-18T09:37:31","modified_gmt":"2020-08-18T12:37:31","slug":"vereador-de-pio-ix-desiste-de-disputar-a-reeleicao-por-conta-da-pandemia","status":"publish","type":"post","link":"https:\/\/pinews.com.br\/index.php\/2020\/08\/18\/vereador-de-pio-ix-desiste-de-disputar-a-reeleicao-por-conta-da-pandemia\/","title":{"rendered":"Vereador de Pio IX desiste de disputar a reelei\u00e7\u00e3o por conta da pandemia"},"content":{"rendered":"\n<p>O Vereador pelo munic\u00edpio de Pio IX Diogo Maia de Alencar acaba de anunciar que n\u00e3o disputar\u00e1 a sua perman\u00eancia no legislativo municipal nas elei\u00e7\u00f5es de 15 de novembro.<\/p>\n\n\n\n<p>Filho do atual secret\u00e1rio de Sa\u00fade Lu\u00eds Pereira, Diogo Maia foi eleito vereador nas elei\u00e7\u00f5es de 2016 com 732 votos ficando na terceira coloca\u00e7\u00e3o geral.<\/p>\n\n\n\n<p>Numa rede social o parlamentar afirmou que o motivo de sua desist\u00eancia \u00e9 a pandemia de covid-19.<\/p>\n\n\n\n<p>No boletim desta segunda-feira, 17 de agosto, emitido pela Secretaria de Sa\u00fade, o munic\u00edpio de Pio IX contabiliza 149 casos confirmados de coronav\u00edrus.<\/p>\n\n\n\n<figure class=\"wp-block-image\"><img decoding=\"async\" src=\"https:\/\/i2.wp.com\/www.portalenoticias.com.br\/wp-content\/uploads\/2020\/08\/757508c0-31f9-4865-8e18-30ef70b1ba53.jpg?fit=720%2C706&amp;ssl=1\" alt=\"\" class=\"wp-image-80225\"\/><figcaption>Boletim desta segunda-feira, 17 de agosto<\/figcaption><\/figure>\n\n\n\n<p>Ao todo, quatro vereadores j\u00e1 contra\u00edram os v\u00edrus em Pio IX, s\u00e3o eles: Diogo Maia, Z\u00e9 Miguel, Dr. Dulc\u00eddio e Jonjon. A informa\u00e7\u00e3o \u00e9 que todos est\u00e3o recuperados da doen\u00e7a.<\/p>\n\n\n\n<p><strong>Veja a nota divulgada por Diogo Maia sobre sua desist\u00eancia:<\/strong><\/p>\n\n\n\n<p><em>N\u00e3o serei candidato em 2020. Sempre fui sincero e direto nos meus posicionamentos, por isso anuncio essa decis\u00e3o sem rodeios. Pensei e refleti bastante antes de fazer esse comunicado. E o motivo \u00e9 um s\u00f3: a pandemia do novo coronav\u00edrus. Fazer campanha com uma pandemia \u00e0 solta \u00e9 um risco que n\u00e3o posso correr. Por mim, pela minha fam\u00edlia e pelos amigos e eleitores decido n\u00e3o disputar novamente uma vaga na C\u00e2mara dos Vereadores de Pio IX.<\/em><\/p>\n\n\n\n<p><em>Iniciei essa reflex\u00e3o bem antes do primeiro caso de Covid-19 ser confirmado em Pio IX. Quanto mais o v\u00edrus avan\u00e7ava, mais o dilema aumentava. E foi quando ele chegou no munic\u00edpio, em mim, na minha casa que firmei decis\u00e3o. \u00c9 angustiante imaginar que podemos levar ou trazer ao nosso e ao lar dos outros uma doen\u00e7a t\u00e3o grave, muitas vezes mortal.<\/em><\/p>\n\n\n\n<p><em>A pol\u00edtica que gosto de fazer, que \u00e9 a pol\u00edtica do corpo a corpo, indo at\u00e9 as pessoas, conversando, ouvindo as demandas, sentindo o calor da nossa gente \u00e9 impratic\u00e1vel com essa pandemia. \u00c9 triste saber que os melhores gestos do mundo, que s\u00e3o o abra\u00e7o e um firme aperto de m\u00e3os, podem propagar esse v\u00edrus.<\/em><\/p>\n\n\n\n<p><em>N\u00e3o me faltam amigos nem portas abertas. Todas as pesquisas de inten\u00e7\u00e3o de voto a que tive acesso nesse ano me colocam bem na disputa, sempre bem lembrado. Mas tenho responsabilidade demais com todos. Tenho filhos pequenos, tenho pais e av\u00f3 idosos, amigos com comorbidades e uma vida inteira pela frente. N\u00c3O RENUNCIO \u00c0 POL\u00cdTICA, APENAS ABRO M\u00c3O DO MOMENTO. \u201cEspa\u00e7o a gente reconquista, o tempo n\u00e3o.\u201d<\/em><\/p>\n\n\n\n<p><em>Estou firme, acredito e me empenharei na elei\u00e7\u00e3o do Fanuel Adauto a prefeito de Pio IX. Conte comigo, meu amigo. Nosso grupo seguir\u00e1 unido para fazer isso acontecer. N\u00e3o tenho d\u00favidas que em novembro de 2020 elegeremos um jovem prefeito e teremos renovado a li\u00e7\u00e3o nas urnas que os que tentam usurpar Pio IX merecem.<\/em><\/p>\n\n\n\n<p><em>Continuarei, at\u00e9 31 de dezembro, desempenhando o meu mandato com coer\u00eancia, \u00e9tica e responsabilidade, assim como me mantenho na base de apoio da Prefeita Regina Coeli, como sempre estive desde a primeira hora. Para mim \u00e9 uma honra fazer parte desse grupo pol\u00edtico liderado por ela. Por fim, quero agradecer todo o apoio e confian\u00e7a dos amigos que sempre me apoiaram nesta caminhada.<\/em><\/p>\n\n\n\n<p><strong>Fonte:Portal \u00c9 Not\u00edcias<\/strong><\/p>\n","protected":false},"excerpt":{"rendered":"<p>O Vereador pelo munic\u00edpio de Pio IX Diogo Maia de Alencar acaba de anunciar que n\u00e3o disputar\u00e1 a sua perman\u00eancia no legislativo municipal nas elei\u00e7\u00f5es de 15 de novembro. Filho do atual secret\u00e1rio de Sa\u00fade Lu\u00eds Pereira, Diogo Maia foi eleito vereador nas elei\u00e7\u00f5es de 2016 com 732 votos ficando na terceira coloca\u00e7\u00e3o geral. Numa [&hellip;]<\/p>\n","protected":false},"author":1,"featured_media":12148,"comment_status":"open","ping_status":"open","sticky":false,"template":"","format":"standard","meta":{"beyondwords_generate_audio":"","beyondwords_project_id":"","beyondwords_podcast_id":"","beyondwords_hash":"","beyondwords_error_message":"","beyondwords_disabled":"","publish_post_to_speechkit":"","speechkit_generate_audio":"","speechkit_project_id":"","speechkit_podcast_id":"","speechkit_hash":"","speechkit_error_message":"","speechkit_disabled":"","speechkit_access_key":"","speechkit_error":"","speechkit_info":"","speechkit_response":"","speechkit_retries":"","_speechkit_link":"","_speechkit_text":""},"categories":[51,1201],"tags":[2407,4727,4728],"jetpack_featured_media_url":"","_links":{"self":[{"href":"https:\/\/pinews.com.br\/index.php\/wp-json\/wp\/v2\/posts\/12147"}],"collection":[{"href":"https:\/\/pinews.com.br\/index.php\/wp-json\/wp\/v2\/posts"}],"about":[{"href":"https:\/\/pinews.com.br\/index.php\/wp-json\/wp\/v2\/types\/post"}],"author":[{"embeddable":true,"href":"https:\/\/pinews.com.br\/index.php\/wp-json\/wp\/v2\/users\/1"}],"replies":[{"embeddable":true,"href":"https:\/\/pinews.com.br\/index.php\/wp-json\/wp\/v2\/comments?post=12147"}],"version-history":[{"count":0,"href":"https:\/\/pinews.com.br\/index.php\/wp-json\/wp\/v2\/posts\/12147\/revisions"}],"wp:featuredmedia":[{"embeddable":true,"href":"https:\/\/pinews.com.br\/index.php\/wp-json\/"}],"wp:attachment":[{"href":"https:\/\/pinews.com.br\/index.php\/wp-json\/wp\/v2\/media?parent=12147"}],"wp:term":[{"taxonomy":"category","embeddable":true,"href":"https:\/\/pinews.com.br\/index.php\/wp-json\/wp\/v2\/categories?post=12147"},{"taxonomy":"post_tag","embeddable":true,"href":"https:\/\/pinews.com.br\/index.php\/wp-json\/wp\/v2\/tags?post=12147"}],"curies":[{"name":"wp","href":"https:\/\/api.w.org\/{rel}","templated":true}]}}