{"id":12232,"date":"2020-08-19T12:00:51","date_gmt":"2020-08-19T15:00:51","guid":{"rendered":"https:\/\/pinews.com.br\/?p=12232"},"modified":"2020-08-19T12:00:51","modified_gmt":"2020-08-19T15:00:51","slug":"prouni-estudantes-tem-ate-amanha-para-participar-da-lista-de-espera","status":"publish","type":"post","link":"https:\/\/pinews.com.br\/index.php\/2020\/08\/19\/prouni-estudantes-tem-ate-amanha-para-participar-da-lista-de-espera\/","title":{"rendered":"Prouni: estudantes tem at\u00e9 amanh\u00e3 para participar da lista de espera"},"content":{"rendered":"\n<p>Termina amanh\u00e3 (20) o prazo para a inscri\u00e7\u00e3o na lista de espera do Programa Universidade para Todos (Prouni) para o 2\u00ba semestre deste ano. Os estudantes que n\u00e3o foram pr\u00e9-selecionados em nenhuma das duas chamadas regulares poder\u00e3o manifestar o interesse em participar dessa \u00faltima etapa de sele\u00e7\u00e3o.<img decoding=\"async\" src=\"https:\/\/agenciabrasil.ebc.com.br\/ebc.png?id=1314159&amp;o=node\"><img decoding=\"async\" src=\"https:\/\/agenciabrasil.ebc.com.br\/ebc.gif?id=1314159&amp;o=node\"><\/p>\n\n\n\n<p>A inscri\u00e7\u00e3o pode ser feita pela p\u00e1gina do&nbsp;<a href=\"http:\/\/prouniportal.mec.gov.br\/\" target=\"_blank\" rel=\"noreferrer noopener\">Prouni<\/a>&nbsp;e o resultado ser\u00e1 divulgado na pr\u00f3xima segunda-feira (24). De acordo com o Minist\u00e9rio da Educa\u00e7\u00e3o, a lista de espera ser\u00e1 \u00fanica para cada curso e turno, de cada local de oferta, ou seja, n\u00e3o haver\u00e1 classifica\u00e7\u00e3o por modalidade, como por cotas, por exemplo.<\/p>\n\n\n\n<p>Pode participar da lista de espera, para o curso correspondente \u00e0 primeira op\u00e7\u00e3o na inscri\u00e7\u00e3o, o candidato que n\u00e3o tenha sido pr\u00e9-selecionado em nenhuma das chamadas regulares ou tenha sido pr\u00e9-selecionado para a sua segunda op\u00e7\u00e3o de curso, mas por motivo de n\u00e3o forma\u00e7\u00e3o de turma, tenha sido reprovado.<\/p>\n\n\n\n<p>J\u00e1 para participar da lista de espera para o curso correspondente \u00e0 segunda op\u00e7\u00e3o na inscri\u00e7\u00e3o, os crit\u00e9rios s\u00e3o os seguintes: que o candidato n\u00e3o tenha sido pr\u00e9-selecionado em nenhuma das chamadas regulares; nas hip\u00f3teses de n\u00e3o ter ocorrido forma\u00e7\u00e3o de turma na primeira op\u00e7\u00e3o de curso, ou de n\u00e3o haver bolsas dispon\u00edveis na primeira op\u00e7\u00e3o de curso; e, ainda, na situa\u00e7\u00e3o de ter sido pr\u00e9-selecionado para a primeira op\u00e7\u00e3o de curso, mas que por motivo de n\u00e3o forma\u00e7\u00e3o de turma tenha sido reprovado.<\/p>\n\n\n\n<p>Os estudantes da lista de espera que forem pr\u00e9-selecionados para receber a bolsa devem comparecer \u00e0s institui\u00e7\u00f5es de ensino at\u00e9 o dia 28 e entregar os documentos que comprovem as informa\u00e7\u00f5es prestadas no momento da inscri\u00e7\u00e3o. Quem perder o prazo ou n\u00e3o comprovar os dados ser\u00e1 desclassificado.<\/p>\n\n\n\n<h2>Prouni<\/h2>\n\n\n\n<p>O Prouni \u00e9 o programa do governo federal que oferece bolsas de estudo, integrais e parciais (50%), em institui\u00e7\u00f5es particulares de educa\u00e7\u00e3o superior. Nesta edi\u00e7\u00e3o, 440,6 mil estudantes inscritos disputaram 167,7 mil bolsas em 1.061 institui\u00e7\u00f5es.<\/p>\n\n\n\n<p>Para concorrer \u00e0s bolsas integrais, o estudante deve comprovar renda familiar bruta mensal, por pessoa, de at\u00e9 1,5 sal\u00e1rio m\u00ednimo. Para as bolsas parciais (50%), a renda familiar bruta mensal deve ser de at\u00e9 tr\u00eas sal\u00e1rios m\u00ednimos por pessoa.<\/p>\n\n\n\n<p>Podem participar estudantes brasileiros que n\u00e3o possuam diploma de curso superior e que tenham participado do Exame Nacional do Ensino M\u00e9dio mais recente e obtido, no m\u00ednimo, 450 pontos de m\u00e9dia das notas. Al\u00e9m disso, o candidato n\u00e3o pode ter tirado zero na reda\u00e7\u00e3o.<\/p>\n\n\n\n<p><strong>Fonte: Ag\u00eancia Brasil<\/strong><\/p>\n","protected":false},"excerpt":{"rendered":"<p>Termina amanh\u00e3 (20) o prazo para a inscri\u00e7\u00e3o na lista de espera do Programa Universidade para Todos (Prouni) para o 2\u00ba semestre deste ano. Os estudantes que n\u00e3o foram pr\u00e9-selecionados em nenhuma das duas chamadas regulares poder\u00e3o manifestar o interesse em participar dessa \u00faltima etapa de sele\u00e7\u00e3o. A inscri\u00e7\u00e3o pode ser feita pela p\u00e1gina do&nbsp;Prouni&nbsp;e [&hellip;]<\/p>\n","protected":false},"author":1,"featured_media":12233,"comment_status":"open","ping_status":"open","sticky":false,"template":"","format":"standard","meta":{"beyondwords_generate_audio":"","beyondwords_project_id":"","beyondwords_podcast_id":"","beyondwords_hash":"","beyondwords_error_message":"","beyondwords_disabled":"","publish_post_to_speechkit":"","speechkit_generate_audio":"","speechkit_project_id":"","speechkit_podcast_id":"","speechkit_hash":"","speechkit_error_message":"","speechkit_disabled":"","speechkit_access_key":"","speechkit_error":"","speechkit_info":"","speechkit_response":"","speechkit_retries":"","_speechkit_link":"","_speechkit_text":""},"categories":[394,134],"tags":[1301,1302],"jetpack_featured_media_url":"","_links":{"self":[{"href":"https:\/\/pinews.com.br\/index.php\/wp-json\/wp\/v2\/posts\/12232"}],"collection":[{"href":"https:\/\/pinews.com.br\/index.php\/wp-json\/wp\/v2\/posts"}],"about":[{"href":"https:\/\/pinews.com.br\/index.php\/wp-json\/wp\/v2\/types\/post"}],"author":[{"embeddable":true,"href":"https:\/\/pinews.com.br\/index.php\/wp-json\/wp\/v2\/users\/1"}],"replies":[{"embeddable":true,"href":"https:\/\/pinews.com.br\/index.php\/wp-json\/wp\/v2\/comments?post=12232"}],"version-history":[{"count":0,"href":"https:\/\/pinews.com.br\/index.php\/wp-json\/wp\/v2\/posts\/12232\/revisions"}],"wp:featuredmedia":[{"embeddable":true,"href":"https:\/\/pinews.com.br\/index.php\/wp-json\/"}],"wp:attachment":[{"href":"https:\/\/pinews.com.br\/index.php\/wp-json\/wp\/v2\/media?parent=12232"}],"wp:term":[{"taxonomy":"category","embeddable":true,"href":"https:\/\/pinews.com.br\/index.php\/wp-json\/wp\/v2\/categories?post=12232"},{"taxonomy":"post_tag","embeddable":true,"href":"https:\/\/pinews.com.br\/index.php\/wp-json\/wp\/v2\/tags?post=12232"}],"curies":[{"name":"wp","href":"https:\/\/api.w.org\/{rel}","templated":true}]}}