{"id":12247,"date":"2020-08-19T17:18:38","date_gmt":"2020-08-19T20:18:38","guid":{"rendered":"https:\/\/pinews.com.br\/?p=12247"},"modified":"2020-08-19T17:18:38","modified_gmt":"2020-08-19T20:18:38","slug":"pediatras-alertam-para-queda-na-vacinacao-infantil-durante-a-pandemia","status":"publish","type":"post","link":"https:\/\/pinews.com.br\/index.php\/2020\/08\/19\/pediatras-alertam-para-queda-na-vacinacao-infantil-durante-a-pandemia\/","title":{"rendered":"Pediatras alertam para queda na vacina\u00e7\u00e3o infantil durante a pandemia"},"content":{"rendered":"\n<p>Na avalia\u00e7\u00e3o de 73% dos pediatras, as crian\u00e7as est\u00e3o deixando de ser vacinadas durante a pandemia de coronav\u00edrus. O dado faz parte da pesquisa divulgada hoje (19) pela Sociedade Brasileira de Pediatria (SBP) e a Federa\u00e7\u00e3o Brasileira de Associa\u00e7\u00f5es de Ginecologia e Obstetr\u00edcia (Febrasgo). Foram ouvidos por formul\u00e1rio&nbsp;<em>online<\/em>&nbsp;1.525 m\u00e9dicos de todos os estados brasileiros.<img decoding=\"async\" src=\"https:\/\/agenciabrasil.ebc.com.br\/ebc.png?id=1314233&amp;o=node\"><img decoding=\"async\" src=\"https:\/\/agenciabrasil.ebc.com.br\/ebc.gif?id=1314233&amp;o=node\"><\/p>\n\n\n\n<p>Segundo a presidente da SBP, Luciana Rodrigues Silva, muitas crian\u00e7as n\u00e3o tem sido vacinadas por falta de informa\u00e7\u00e3o das fam\u00edlias e medo de contamina\u00e7\u00e3o pelo v\u00edrus da covid-19. Ela alerta que a redu\u00e7\u00e3o da imuniza\u00e7\u00e3o pode aumentar os riscos de doen\u00e7as que foram eliminadas ou tem baixa preval\u00eancia atualmente. \u201cN\u00f3s n\u00e3o queremos que doen\u00e7as que j\u00e1 est\u00e3o erradicadas ou diminu\u00edram muito voltem a nos assustar\u201d, enfatizou sobre a import\u00e2ncia do cumprimento do calend\u00e1rio vacinal mesmo durante o per\u00edodo de quarentena.<\/p>\n\n\n\n<p>De acordo com a pesquisa, 70% dos m\u00e9dicos dizem que as fam\u00edlias t\u00eam medo de se contaminar ou infectar as crian\u00e7as com o novo coronav\u00edrus em consultas presenciais. Nesse sentido, 82% dos m\u00e9dicos relataram um aumento dos atendimentos por telefone, aplicativos de mensagem e outras formas de comunica\u00e7\u00e3o \u00e0 dist\u00e2ncia.<\/p>\n\n\n\n<h2>Altera\u00e7\u00f5es no comportamento<\/h2>\n\n\n\n<p>Perceberam altera\u00e7\u00f5es comportamentais nas crian\u00e7as, 88% dos m\u00e9dicos. Em 75% das situa\u00e7\u00f5es, os profissionais notaram altera\u00e7\u00f5es de humor. Para Luciana, o isolamento social traz preju\u00edzos ao desenvolvimento das crian\u00e7as. \u201cFoi prejudicial n\u00e3o s\u00f3 para a maior irritabilidade, perda de aten\u00e7\u00e3o, como maior tempo de tela, em frente aos computadores, celulares, como maior n\u00famero de obesidade das crian\u00e7as\u201d, explicou.<\/p>\n\n\n\n<p>Como forma de minimizar esses problemas, a presidente da SBP diz que os pediatras devem orientar \u00e0s fam\u00edlias. \u201cComo envolver as crian\u00e7as nas atividades dom\u00e9sticas, como fazer atividade f\u00edsica, como fazer est\u00edmulos comportamentais para que o desenvolvimento das crian\u00e7as n\u00e3o seja comprometido\u201d.<\/p>\n\n\n\n<p>A maior parte dos pediatras (63%) afirmaram que trabalham sem infraestrutura e equipamentos de seguran\u00e7a adequados. \u201cN\u00f3s temos no servi\u00e7o de sa\u00fade alguns lugares que tem todos os equipamentos, estrutura f\u00edsica para atender pacientes da covid-19, com profissionais de sa\u00fade adequadamente vestidos e protegidos. Mas isso n\u00e3o ocorre em todas as unidades, como deveria ocorrer, sobretudo nas institui\u00e7\u00f5es p\u00fablicas\u201d,destacou Luciana.<\/p>\n\n\n\n<h2>Exames no pr\u00e9-natal<\/h2>\n\n\n\n<p>Em rela\u00e7\u00e3o aos ginecologistas e obstetras, mais da metade (52%) perceberam um atraso das gestantes em fazer os exames no pr\u00e9-natal e 46% disse que as mulheres tiveram dificuldade em fazer os exames, al\u00e9m de 8% que simplesmente deixou de fazer os procedimentos.<\/p>\n\n\n\n<p>Para o presidente da Febrasgo, C\u00e9sar Fernandes, isso \u00e9 preocupante e pode atrapalhar tratamentos necess\u00e1rios aos beb\u00eas. \u201cA s\u00edfilis cong\u00eanita \u00e9 um mal que n\u00f3s praticamente n\u00e3o consider\u00e1vamos h\u00e1 uma d\u00e9cada. Aumentou o n\u00famero de s\u00edfilis cong\u00eanita no Brasil de forma vergonhosa, mais de 1.000% do in\u00edcio dos anos 2.000 para agora. E voc\u00ea tem que fazer o diagn\u00f3stico antes de 14 semanas de gesta\u00e7\u00e3o para efetuar um tratamento apropriado\u201d, exemplificou sobre a necessidade dos exames no per\u00edodo pr\u00e9-natal.<\/p>\n\n\n\n<p><strong>Fonte: Ag\u00eancia Brasil<\/strong><\/p>\n","protected":false},"excerpt":{"rendered":"<p>Na avalia\u00e7\u00e3o de 73% dos pediatras, as crian\u00e7as est\u00e3o deixando de ser vacinadas durante a pandemia de coronav\u00edrus. O dado faz parte da pesquisa divulgada hoje (19) pela Sociedade Brasileira de Pediatria (SBP) e a Federa\u00e7\u00e3o Brasileira de Associa\u00e7\u00f5es de Ginecologia e Obstetr\u00edcia (Febrasgo). Foram ouvidos por formul\u00e1rio&nbsp;online&nbsp;1.525 m\u00e9dicos de todos os estados brasileiros. Segundo [&hellip;]<\/p>\n","protected":false},"author":1,"featured_media":12248,"comment_status":"open","ping_status":"open","sticky":false,"template":"","format":"standard","meta":{"beyondwords_generate_audio":"","beyondwords_project_id":"","beyondwords_podcast_id":"","beyondwords_hash":"","beyondwords_error_message":"","beyondwords_disabled":"","publish_post_to_speechkit":"","speechkit_generate_audio":"","speechkit_project_id":"","speechkit_podcast_id":"","speechkit_hash":"","speechkit_error_message":"","speechkit_disabled":"","speechkit_access_key":"","speechkit_error":"","speechkit_info":"","speechkit_response":"","speechkit_retries":"","_speechkit_link":"","_speechkit_text":""},"categories":[134,1288],"tags":[2407,4765],"jetpack_featured_media_url":"","_links":{"self":[{"href":"https:\/\/pinews.com.br\/index.php\/wp-json\/wp\/v2\/posts\/12247"}],"collection":[{"href":"https:\/\/pinews.com.br\/index.php\/wp-json\/wp\/v2\/posts"}],"about":[{"href":"https:\/\/pinews.com.br\/index.php\/wp-json\/wp\/v2\/types\/post"}],"author":[{"embeddable":true,"href":"https:\/\/pinews.com.br\/index.php\/wp-json\/wp\/v2\/users\/1"}],"replies":[{"embeddable":true,"href":"https:\/\/pinews.com.br\/index.php\/wp-json\/wp\/v2\/comments?post=12247"}],"version-history":[{"count":0,"href":"https:\/\/pinews.com.br\/index.php\/wp-json\/wp\/v2\/posts\/12247\/revisions"}],"wp:featuredmedia":[{"embeddable":true,"href":"https:\/\/pinews.com.br\/index.php\/wp-json\/"}],"wp:attachment":[{"href":"https:\/\/pinews.com.br\/index.php\/wp-json\/wp\/v2\/media?parent=12247"}],"wp:term":[{"taxonomy":"category","embeddable":true,"href":"https:\/\/pinews.com.br\/index.php\/wp-json\/wp\/v2\/categories?post=12247"},{"taxonomy":"post_tag","embeddable":true,"href":"https:\/\/pinews.com.br\/index.php\/wp-json\/wp\/v2\/tags?post=12247"}],"curies":[{"name":"wp","href":"https:\/\/api.w.org\/{rel}","templated":true}]}}