{"id":12395,"date":"2020-08-23T12:29:33","date_gmt":"2020-08-23T15:29:33","guid":{"rendered":"https:\/\/pinews.com.br\/?p=12395"},"modified":"2020-08-23T12:29:33","modified_gmt":"2020-08-23T15:29:33","slug":"piaui-fecha-semana-com-menor-numero-de-mortes-por-covid-19-desde-junho","status":"publish","type":"post","link":"https:\/\/pinews.com.br\/index.php\/2020\/08\/23\/piaui-fecha-semana-com-menor-numero-de-mortes-por-covid-19-desde-junho\/","title":{"rendered":"Piau\u00ed fecha semana com menor n\u00famero de mortes por covid-19 desde junho"},"content":{"rendered":"\n<p>Com os dados atualizados neste s\u00e1bado (22), o Piau\u00ed registrou a semana com o menor n\u00famero de casos e mortes por covid-19 registrado desde o m\u00eas de junho.<\/p>\n\n\n\n<p>Os principais n\u00fameros deste s\u00e1bado (22\/08)<br>\u2013 13 mortes confirmadas \/ 1.714 no total<br>\u2013 379 casos confirmados \/ 71.889 no total<br>\u2013 M\u00e9dia dos \u00faltimos 7 dias: 15 mortes \/ 830 casos<br>\u2013 Total na semana: 106 \u00f3bitos \/ 5.811 novos infectados<br>\u2013 245 internados em UTIs (ocupa\u00e7\u00e3o de 56,19%)<br>Com 13 novos \u00f3bitos neste s\u00e1bado, a semana terminou com 106 mortes. \u00c9 o menor n\u00famero das \u00faltimas 11 semanas. O Piau\u00ed contabilizava mais de 110 v\u00edtimas semanais do coronav\u00edrus desde o in\u00edcio de junho.<\/p>\n\n\n\n<p>Os casos de novas infec\u00e7\u00f5es na semana ficaram em 5.811. \u00c9 o menor n\u00famero em oito semanas. Desde o final de junho, o estado n\u00e3o tinha menos de 6 mil casos confirmados semanalmente.<\/p>\n\n\n\n<p><br><strong>Novos \u00f3bitos<\/strong><br>Foram confirmadas as primeiras mortes de Francisco Macedo e Jerumenha. O total de munic\u00edpios com \u00f3bitos subiu para 155.<\/p>\n\n\n\n<p>As 13 mortes contabilizadas neste s\u00e1bado s\u00e3o dos seguintes munic\u00edpios:<\/p>\n\n\n\n<p>\u2013 \u00c1gua Branca \u2013 1 (mulher, 93 anos)<br>Total do munic\u00edpio: 29<\/p>\n\n\n\n<p>\u2013 Barro Duro \u2013 1 (mulher, 54 anos)<br>Total do munic\u00edpio: 5<\/p>\n\n\n\n<p>\u2013 Beneditinos \u2013 1 (homem, 79 anos)<br>Total do munic\u00edpio: 7<\/p>\n\n\n\n<p>\u2013 Francisco Macedo \u2013 1 (mulher, 94 anos)<br>Total do munic\u00edpio: 1<\/p>\n\n\n\n<p>\u2013 Jerumenha \u2013 1 (homem, 68 anos)<br>Total do munic\u00edpio: 1<\/p>\n\n\n\n<p>\u2013 Lagoa Alegre \u2013 1 (homem, 48 anos)<br>Total do munic\u00edpio: 5<\/p>\n\n\n\n<p>\u2013 Parna\u00edba \u2013 1 (homem, 52 anos)<br>Total do munic\u00edpio: 126<\/p>\n\n\n\n<p>\u2013 Teresina \u2013 6 (homens \u2013 70, 84 e 85 anos; mulheres \u2013 66, 70 e 74 anos)<br>Total do munic\u00edpio: 866<\/p>\n\n\n\n<p><strong>Casos confirmados<\/strong><br>Cinco meses ap\u00f3s a confirma\u00e7\u00e3o dos primeiros casos no Piau\u00ed, Arraial e Canavieira seguem sem registros do novo coronav\u00edrus. O n\u00famero de munic\u00edpios com casos confirmados \u00e9 222.<\/p>\n\n\n\n<p><strong>Situa\u00e7\u00e3o hospitalar<\/strong><br>O n\u00famero de leitos ocupados caiu de 679 para 675 em rela\u00e7\u00e3o ao dia anterior. As interna\u00e7\u00f5es se estabilizaram ap\u00f3s crescerem gradualmente ao longo de toda a semana.<\/p>\n\n\n\n<p>S\u00e3o 424 pacientes internados em leitos cl\u00ednicos, seis em estabiliza\u00e7\u00e3o e 245 em Unidades de Terapia Intensiva (UTIs).<\/p>\n\n\n\n<p>Mais 47 altas m\u00e9dicas foram registradas nas \u00faltimas 24 horas.<\/p>\n\n\n\n<p><strong>Fonte: Cidade Verde<\/strong><\/p>\n","protected":false},"excerpt":{"rendered":"<p>Com os dados atualizados neste s\u00e1bado (22), o Piau\u00ed registrou a semana com o menor n\u00famero de casos e mortes por covid-19 registrado desde o m\u00eas de junho. Os principais n\u00fameros deste s\u00e1bado (22\/08)\u2013 13 mortes confirmadas \/ 1.714 no total\u2013 379 casos confirmados \/ 71.889 no total\u2013 M\u00e9dia dos \u00faltimos 7 dias: 15 mortes [&hellip;]<\/p>\n","protected":false},"author":1,"featured_media":12396,"comment_status":"open","ping_status":"open","sticky":false,"template":"","format":"standard","meta":{"beyondwords_generate_audio":"","beyondwords_project_id":"","beyondwords_podcast_id":"","beyondwords_hash":"","beyondwords_error_message":"","beyondwords_disabled":"","publish_post_to_speechkit":"","speechkit_generate_audio":"","speechkit_project_id":"","speechkit_podcast_id":"","speechkit_hash":"","speechkit_error_message":"","speechkit_disabled":"","speechkit_access_key":"","speechkit_error":"","speechkit_info":"","speechkit_response":"","speechkit_retries":"","_speechkit_link":"","_speechkit_text":""},"categories":[51,1288],"tags":[2271,4835,52],"jetpack_featured_media_url":"","_links":{"self":[{"href":"https:\/\/pinews.com.br\/index.php\/wp-json\/wp\/v2\/posts\/12395"}],"collection":[{"href":"https:\/\/pinews.com.br\/index.php\/wp-json\/wp\/v2\/posts"}],"about":[{"href":"https:\/\/pinews.com.br\/index.php\/wp-json\/wp\/v2\/types\/post"}],"author":[{"embeddable":true,"href":"https:\/\/pinews.com.br\/index.php\/wp-json\/wp\/v2\/users\/1"}],"replies":[{"embeddable":true,"href":"https:\/\/pinews.com.br\/index.php\/wp-json\/wp\/v2\/comments?post=12395"}],"version-history":[{"count":0,"href":"https:\/\/pinews.com.br\/index.php\/wp-json\/wp\/v2\/posts\/12395\/revisions"}],"wp:featuredmedia":[{"embeddable":true,"href":"https:\/\/pinews.com.br\/index.php\/wp-json\/"}],"wp:attachment":[{"href":"https:\/\/pinews.com.br\/index.php\/wp-json\/wp\/v2\/media?parent=12395"}],"wp:term":[{"taxonomy":"category","embeddable":true,"href":"https:\/\/pinews.com.br\/index.php\/wp-json\/wp\/v2\/categories?post=12395"},{"taxonomy":"post_tag","embeddable":true,"href":"https:\/\/pinews.com.br\/index.php\/wp-json\/wp\/v2\/tags?post=12395"}],"curies":[{"name":"wp","href":"https:\/\/api.w.org\/{rel}","templated":true}]}}