{"id":12446,"date":"2020-08-24T11:08:50","date_gmt":"2020-08-24T14:08:50","guid":{"rendered":"https:\/\/pinews.com.br\/?p=12446"},"modified":"2020-08-24T11:08:50","modified_gmt":"2020-08-24T14:08:50","slug":"escola-do-legislativo-piauiense-abre-inscricoes-para-oito-cursos-de-pos-graduacao","status":"publish","type":"post","link":"https:\/\/pinews.com.br\/index.php\/2020\/08\/24\/escola-do-legislativo-piauiense-abre-inscricoes-para-oito-cursos-de-pos-graduacao\/","title":{"rendered":"Escola do Legislativo Piauiense abre inscri\u00e7\u00f5es para oito cursos de p\u00f3s-gradua\u00e7\u00e3o"},"content":{"rendered":"\n<p>Est\u00e3o abertas, na Escola do Legislativo Professor Wilson Brand\u00e3o, as inscri\u00e7\u00f5es para as novas turmas dos cursos de p\u00f3s-gradua\u00e7\u00e3o em v\u00e1rias \u00e1reas do Direito e da Administra\u00e7\u00e3o P\u00fablica. As aulas ser\u00e3o transmitidas em ambiente virtual devido \u00e0 pandemia da Covid-19, a partir do pr\u00f3ximo dia 28, mas com a mesma garantia de qualidade das aulas presenciais.<\/p>\n\n\n\n<p>Os interessados podem se inscrever pelo Instagram @alepi, Whatsapp 86-99990-1366 ou ainda obter informa\u00e7\u00f5es pelo telefone (86) 3133-3022. Podem participar estudantes de todo o Brasil, sem a necessidade de deslocamento at\u00e9 Teresina uma vez que as aulas ser\u00e3o transmitidas por meio remoto.<\/p>\n\n\n\n<p>Segundo a professora Socorro Barreto, coordenadora de P\u00f3s-Gradua\u00e7\u00f5es da Escola do Legislativo, em entrevista \u00e0 TV Assembleia, a qualidade manter\u00e1 o mesmo padr\u00e3o das aulas presenciais, pois os professores e facilitadores foram escolhidos entre os melhores do mercado local e do mercado brasileiro. \u201cS\u00e3o os professores mais requisitados em todo o territ\u00f3rio nacional\u201d, garante.<\/p>\n\n\n\n<div class=\"wp-block-image\"><figure class=\"aligncenter\"><img decoding=\"async\" src=\"https:\/\/www.oitomeia.com.br\/wp-content\/uploads\/2020\/08\/THI_869229157373601751598011957.jpg\" alt=\"\" class=\"wp-image-322087\"\/><figcaption>Foto: Reprodu\u00e7\u00e3o<\/figcaption><\/figure><\/div>\n\n\n\n<p>Est\u00e3o sendo oferecidas vagas nos cursos de Direito do Trabalho e Previdenci\u00e1rio, Ci\u00eancias Criminais com enfoque no Tribunal do J\u00fari, Gest\u00e3o P\u00fablica, Direito da Fam\u00edlia e Sucess\u00f5es, Direito Agr\u00e1rio e Ambiental, Direito Civil e Processo Civil, Direito Penal e Processo Penal e Ci\u00eancias Pol\u00edticas.<\/p>\n\n\n\n<p>Os cursos se referem ao conjunto das normas jur\u00eddicas e administrativas de natureza p\u00fablica, compreendendo tanto o conjunto de normas contidas na legisla\u00e7\u00e3o vigente que regulam a rela\u00e7\u00e3o entre a sociedade e o Estado quanto \u00e0s atividades, as fun\u00e7\u00f5es e organiza\u00e7\u00f5es dos poderes p\u00fablicos e de seus servidores, constituindo-se em um importante instrumento n\u00e3o apenas para a qualifica\u00e7\u00e3o dos profissionais, mas para a melhoria dos servi\u00e7os prestados ao povo.<\/p>\n\n\n\n<p><strong>Fonte: Oito Meia<\/strong><\/p>\n","protected":false},"excerpt":{"rendered":"<p>Est\u00e3o abertas, na Escola do Legislativo Professor Wilson Brand\u00e3o, as inscri\u00e7\u00f5es para as novas turmas dos cursos de p\u00f3s-gradua\u00e7\u00e3o em v\u00e1rias \u00e1reas do Direito e da Administra\u00e7\u00e3o P\u00fablica. As aulas ser\u00e3o transmitidas em ambiente virtual devido \u00e0 pandemia da Covid-19, a partir do pr\u00f3ximo dia 28, mas com a mesma garantia de qualidade das aulas [&hellip;]<\/p>\n","protected":false},"author":1,"featured_media":12447,"comment_status":"open","ping_status":"open","sticky":false,"template":"","format":"standard","meta":{"beyondwords_generate_audio":"","beyondwords_project_id":"","beyondwords_podcast_id":"","beyondwords_hash":"","beyondwords_error_message":"","beyondwords_disabled":"","publish_post_to_speechkit":"","speechkit_generate_audio":"","speechkit_project_id":"","speechkit_podcast_id":"","speechkit_hash":"","speechkit_error_message":"","speechkit_disabled":"","speechkit_access_key":"","speechkit_error":"","speechkit_info":"","speechkit_response":"","speechkit_retries":"","_speechkit_link":"","_speechkit_text":""},"categories":[394,51],"tags":[4860,4861,1186],"jetpack_featured_media_url":"","_links":{"self":[{"href":"https:\/\/pinews.com.br\/index.php\/wp-json\/wp\/v2\/posts\/12446"}],"collection":[{"href":"https:\/\/pinews.com.br\/index.php\/wp-json\/wp\/v2\/posts"}],"about":[{"href":"https:\/\/pinews.com.br\/index.php\/wp-json\/wp\/v2\/types\/post"}],"author":[{"embeddable":true,"href":"https:\/\/pinews.com.br\/index.php\/wp-json\/wp\/v2\/users\/1"}],"replies":[{"embeddable":true,"href":"https:\/\/pinews.com.br\/index.php\/wp-json\/wp\/v2\/comments?post=12446"}],"version-history":[{"count":0,"href":"https:\/\/pinews.com.br\/index.php\/wp-json\/wp\/v2\/posts\/12446\/revisions"}],"wp:featuredmedia":[{"embeddable":true,"href":"https:\/\/pinews.com.br\/index.php\/wp-json\/"}],"wp:attachment":[{"href":"https:\/\/pinews.com.br\/index.php\/wp-json\/wp\/v2\/media?parent=12446"}],"wp:term":[{"taxonomy":"category","embeddable":true,"href":"https:\/\/pinews.com.br\/index.php\/wp-json\/wp\/v2\/categories?post=12446"},{"taxonomy":"post_tag","embeddable":true,"href":"https:\/\/pinews.com.br\/index.php\/wp-json\/wp\/v2\/tags?post=12446"}],"curies":[{"name":"wp","href":"https:\/\/api.w.org\/{rel}","templated":true}]}}