{"id":1252,"date":"2019-08-18T09:26:33","date_gmt":"2019-08-18T12:26:33","guid":{"rendered":"https:\/\/pinews.com.br\/?p=1252"},"modified":"2019-08-18T09:26:33","modified_gmt":"2019-08-18T12:26:33","slug":"suspeito-de-esfaquear-jovem-em-tentativa-de-estupro-e-preso-escondido-em-matagal-no-norte-do-piaui","status":"publish","type":"post","link":"https:\/\/pinews.com.br\/index.php\/2019\/08\/18\/suspeito-de-esfaquear-jovem-em-tentativa-de-estupro-e-preso-escondido-em-matagal-no-norte-do-piaui\/","title":{"rendered":"Suspeito de esfaquear jovem em tentativa de estupro \u00e9 preso escondido em matagal no Norte do Piau\u00ed"},"content":{"rendered":"\n<p>Por <strong>Breno Luis<\/strong> &#8211; 18 de agosto de 2019<\/p>\n\n\n\n<figure class=\"wp-block-image\"><img decoding=\"async\" src=\"https:\/\/s2.glbimg.com\/WJg3zH4VfYBSmg8L0Mid7UDBKd8=\/0x0:1920x1280\/984x0\/smart\/filters:strip_icc()\/i.s3.glbimg.com\/v1\/AUTH_59edd422c0c84a879bd37670ae4f538a\/internal_photos\/bs\/2017\/l\/S\/wfv9maSD2K94j6sApnQw\/img-0960.jpg\" alt=\"Delegacia Geral da Pol\u00edcia Civil do Piau\u00ed \u2014 Foto: Catarina Costa\/G1 PI\"\/><figcaption> Delegacia Geral da Pol\u00edcia Civil do Piau\u00ed \u2014 Foto: Catarina Costa\/G1 PI <\/figcaption><\/figure>\n\n\n\n<p style=\"text-align:justify\">O suspeito de esfaquear uma jovem de 23 anos durante uma tentativa de estupro foi preso na noite dessa sexta-feira (16). Segundo a pol\u00edcia, Erinaldo da Silva estava escondido em um matagal, entre Boqueir\u00e3o e Boa Hora, Norte do Piau\u00ed.<\/p>\n\n\n\n<p style=\"text-align:justify\">&#8220;Erinaldo estava foragido desde o dia do crime, mas nunca deixamos de fazer dilig\u00eancias para captur\u00e1-lo. Acreditamos que algu\u00e9m da fam\u00edlia estava levando \u00e1gua e comida para o suspeito e por isso ele conseguiu se manter todos esses dias escondido&#8221;, contou o comandante do 15\u00ba Batalh\u00e3o da Pol\u00edcia Militar de Campo Maior, major Etevaldo Alves.<\/p>\n\n\n\n<p style=\"text-align:justify\">Policiais de Boqueir\u00e3o e de Boa Hora deram voz de pris\u00e3o ao suspeito, que foi encaminhado para a Delegacia de Barras. &#8220;Esperamos que agora o juiz reverta a pena e ele volte ao sistema prisional. O suspeito teve responder por tentativa de homic\u00eddio e estupro&#8221;, declarou o major.<\/p>\n\n\n\n<p style=\"text-align:justify\">Erinaldo estava em liberdade condicional, depois de cumprir oito anos na Penitenci\u00e1ria de Esperantina por estupro. Atualmente ele usa uma bolsa de colostomia ap\u00f3s ter sido baleado em outra tentativa de estupro.<\/p>\n\n\n\n<h2>Entenda o caso<\/h2>\n\n\n\n<p style=\"text-align:justify\">No dia 8 de agosto, o suspeito invadiu a casa da v\u00edtima durante a madrugada e tentou abusar dela. A jovem entrou em luta corporal com o agressor e foi esfaqueada tr\u00eas vezes.<\/p>\n\n\n\n<p style=\"text-align:justify\">Uma jovem de 23 anos foi esfaqueada durante uma tentativa de estupro na madrugada desta quinta-feira (8) na Zona Rural do munic\u00edpio de Boa Hora, a 137 km de Teresina, no Norte do Piau\u00ed. De acordo com a Pol\u00edcia Militar (PM), o agressor invadiu a casa da v\u00edtima durante a madrugada e tentou violent\u00e1-la.<\/p>\n\n\n\n<p style=\"text-align:justify\">Mesmo ferida, a v\u00edtima conseguiu fugir e percorreu 50 metros para pedir a ajuda de um vizinho. A jovem foi socorrida pelo Servi\u00e7o de Atendimento M\u00f3vel de Urg\u00eancia (Samu) e levada para o hospital de Campo Maior e depois foi transferida para o Hospital de Urg\u00eancia de Teresina (HUT).<\/p>\n\n\n\n<p style=\"text-align:justify\">A v\u00edtima, que foi esfaqueada na mand\u00edbula, cervical, m\u00e3os e clav\u00edcula direita, deu entrada no HUT nessa quinta-feira (8) e recebeu alta no dia seguinte.<\/p>\n\n\n\n<p><strong>Fonte: G1 PI<\/strong><\/p>\n","protected":false},"excerpt":{"rendered":"<p>Por Breno Luis &#8211; 18 de agosto de 2019 O suspeito de esfaquear uma jovem de 23 anos durante uma tentativa de estupro foi preso na noite dessa sexta-feira (16). Segundo a pol\u00edcia, Erinaldo da Silva estava escondido em um matagal, entre Boqueir\u00e3o e Boa Hora, Norte do Piau\u00ed. &#8220;Erinaldo estava foragido desde o dia [&hellip;]<\/p>\n","protected":false},"author":1,"featured_media":1253,"comment_status":"open","ping_status":"open","sticky":false,"template":"","format":"standard","meta":{"beyondwords_generate_audio":"","beyondwords_project_id":"","beyondwords_podcast_id":"","beyondwords_hash":"","beyondwords_error_message":"","beyondwords_disabled":"","publish_post_to_speechkit":"","speechkit_generate_audio":"","speechkit_project_id":"","speechkit_podcast_id":"","speechkit_hash":"","speechkit_error_message":"","speechkit_disabled":"","speechkit_access_key":"","speechkit_error":"","speechkit_info":"","speechkit_response":"","speechkit_retries":"","_speechkit_link":"","_speechkit_text":""},"categories":[1184,51,78],"tags":[1292,52,79,130],"jetpack_featured_media_url":"","_links":{"self":[{"href":"https:\/\/pinews.com.br\/index.php\/wp-json\/wp\/v2\/posts\/1252"}],"collection":[{"href":"https:\/\/pinews.com.br\/index.php\/wp-json\/wp\/v2\/posts"}],"about":[{"href":"https:\/\/pinews.com.br\/index.php\/wp-json\/wp\/v2\/types\/post"}],"author":[{"embeddable":true,"href":"https:\/\/pinews.com.br\/index.php\/wp-json\/wp\/v2\/users\/1"}],"replies":[{"embeddable":true,"href":"https:\/\/pinews.com.br\/index.php\/wp-json\/wp\/v2\/comments?post=1252"}],"version-history":[{"count":0,"href":"https:\/\/pinews.com.br\/index.php\/wp-json\/wp\/v2\/posts\/1252\/revisions"}],"wp:featuredmedia":[{"embeddable":true,"href":"https:\/\/pinews.com.br\/index.php\/wp-json\/"}],"wp:attachment":[{"href":"https:\/\/pinews.com.br\/index.php\/wp-json\/wp\/v2\/media?parent=1252"}],"wp:term":[{"taxonomy":"category","embeddable":true,"href":"https:\/\/pinews.com.br\/index.php\/wp-json\/wp\/v2\/categories?post=1252"},{"taxonomy":"post_tag","embeddable":true,"href":"https:\/\/pinews.com.br\/index.php\/wp-json\/wp\/v2\/tags?post=1252"}],"curies":[{"name":"wp","href":"https:\/\/api.w.org\/{rel}","templated":true}]}}