{"id":12569,"date":"2020-08-26T18:36:16","date_gmt":"2020-08-26T21:36:16","guid":{"rendered":"https:\/\/pinews.com.br\/?p=12569"},"modified":"2020-08-26T18:36:16","modified_gmt":"2020-08-26T21:36:16","slug":"fiscalizacao-identifica-invasoes-em-terras-da-uniao-no-piaui","status":"publish","type":"post","link":"https:\/\/pinews.com.br\/index.php\/2020\/08\/26\/fiscalizacao-identifica-invasoes-em-terras-da-uniao-no-piaui\/","title":{"rendered":"Fiscaliza\u00e7\u00e3o identifica invas\u00f5es em terras da Uni\u00e3o no Piau\u00ed"},"content":{"rendered":"\n<p>A Superintend\u00eancia da Uni\u00e3o e a Pol\u00edcia Federal realizaram, na manh\u00e3 desta quarta-feira (26), uma fiscaliza\u00e7\u00e3o em \u00e1reas de prote\u00e7\u00e3o ambiental que estariam sendo invadidas no munic\u00edpio de Cajueiro da Praia, Litoral do Piau\u00ed. Durante a opera\u00e7\u00e3o, terras que foram demarcadas de forma ilegal na \u00e1rea de preserva\u00e7\u00e3o tiveram suas cercas retiradas.<\/p>\n\n\n\n<p>De acordo com a Superintend\u00eancia da Uni\u00e3o, pescadores que trabalham na \u00e1rea foram orientados sobre os limites legais da regi\u00e3o, esclarecendo que alguns pontos de preserva\u00e7\u00e3o permanente no litoral s\u00e3o fiscalizados para que n\u00e3o cres\u00e7a de forma desordenada.<\/p>\n\n\n\n<p>&#8220;Estamos atendendo den\u00fancias dos pr\u00f3prios moradores. A opera\u00e7\u00e3o busca a integridade f\u00edsica dos im\u00f3vel e a preserva\u00e7\u00e3o ambiental. N\u00e3o viemos fazer demoli\u00e7\u00e3o, viemos apenas para manter a integridade do im\u00f3vel e do ambiente&#8221;, explicou o superintendente da Uni\u00e3o, Marcelo Mora.<\/p>\n\n\n\n<p>Atualmente, toda esp\u00e9cie de constru\u00e7\u00e3o em locais de preserva\u00e7\u00e3o ambiental precisam do Termo de Autoriza\u00e7\u00e3o Sustent\u00e1vel (Taus). Em caso de n\u00e3o autoriza\u00e7\u00e3o, o im\u00f3vel \u00e9 considerado como invas\u00e3o da \u00e1rea de preserva\u00e7\u00e3o das terras da Uni\u00e3o.<\/p>\n\n\n\n<figure class=\"wp-block-image\"><img decoding=\"async\" src=\"https:\/\/s2.glbimg.com\/mdWt_S1uh5Rubc4l1qQwGZMZqc0=\/0x0:1280x960\/984x0\/smart\/filters:strip_icc()\/i.s3.glbimg.com\/v1\/AUTH_59edd422c0c84a879bd37670ae4f538a\/internal_photos\/bs\/2020\/D\/3\/BJRadPRTK1L9HAFzuQpw\/cercas.jpg\" alt=\"Terras da Uni\u00e3o foram demarcadas ilegalmente no Litoral do Piau\u00ed \u2014 Foto: Tiago Mendes\/TV Clube\"\/><figcaption>Terras da Uni\u00e3o foram demarcadas ilegalmente no Litoral do Piau\u00ed \u2014 Foto: Tiago Mendes\/TV Clube<\/figcaption><\/figure>\n\n\n\n<p>A Pol\u00edcia Federal e o Instituto Chico Mendes e a Secretaria Estadual de Meio Ambiente e Recursos H\u00eddricos (Semar) do Piau\u00ed estiveram presentes no local durante a opera\u00e7\u00e3o.<\/p>\n\n\n\n<p><strong>Fonte: G1 PI<\/strong><\/p>\n","protected":false},"excerpt":{"rendered":"<p>A Superintend\u00eancia da Uni\u00e3o e a Pol\u00edcia Federal realizaram, na manh\u00e3 desta quarta-feira (26), uma fiscaliza\u00e7\u00e3o em \u00e1reas de prote\u00e7\u00e3o ambiental que estariam sendo invadidas no munic\u00edpio de Cajueiro da Praia, Litoral do Piau\u00ed. Durante a opera\u00e7\u00e3o, terras que foram demarcadas de forma ilegal na \u00e1rea de preserva\u00e7\u00e3o tiveram suas cercas retiradas. De acordo com [&hellip;]<\/p>\n","protected":false},"author":1,"featured_media":12570,"comment_status":"open","ping_status":"open","sticky":false,"template":"","format":"standard","meta":{"beyondwords_generate_audio":"","beyondwords_project_id":"","beyondwords_podcast_id":"","beyondwords_hash":"","beyondwords_error_message":"","beyondwords_disabled":"","publish_post_to_speechkit":"","speechkit_generate_audio":"","speechkit_project_id":"","speechkit_podcast_id":"","speechkit_hash":"","speechkit_error_message":"","speechkit_disabled":"","speechkit_access_key":"","speechkit_error":"","speechkit_info":"","speechkit_response":"","speechkit_retries":"","_speechkit_link":"","_speechkit_text":""},"categories":[51],"tags":[1131,4926,52],"jetpack_featured_media_url":"","_links":{"self":[{"href":"https:\/\/pinews.com.br\/index.php\/wp-json\/wp\/v2\/posts\/12569"}],"collection":[{"href":"https:\/\/pinews.com.br\/index.php\/wp-json\/wp\/v2\/posts"}],"about":[{"href":"https:\/\/pinews.com.br\/index.php\/wp-json\/wp\/v2\/types\/post"}],"author":[{"embeddable":true,"href":"https:\/\/pinews.com.br\/index.php\/wp-json\/wp\/v2\/users\/1"}],"replies":[{"embeddable":true,"href":"https:\/\/pinews.com.br\/index.php\/wp-json\/wp\/v2\/comments?post=12569"}],"version-history":[{"count":0,"href":"https:\/\/pinews.com.br\/index.php\/wp-json\/wp\/v2\/posts\/12569\/revisions"}],"wp:featuredmedia":[{"embeddable":true,"href":"https:\/\/pinews.com.br\/index.php\/wp-json\/"}],"wp:attachment":[{"href":"https:\/\/pinews.com.br\/index.php\/wp-json\/wp\/v2\/media?parent=12569"}],"wp:term":[{"taxonomy":"category","embeddable":true,"href":"https:\/\/pinews.com.br\/index.php\/wp-json\/wp\/v2\/categories?post=12569"},{"taxonomy":"post_tag","embeddable":true,"href":"https:\/\/pinews.com.br\/index.php\/wp-json\/wp\/v2\/tags?post=12569"}],"curies":[{"name":"wp","href":"https:\/\/api.w.org\/{rel}","templated":true}]}}