{"id":12657,"date":"2020-08-28T18:34:35","date_gmt":"2020-08-28T21:34:35","guid":{"rendered":"https:\/\/pinews.com.br\/?p=12657"},"modified":"2020-08-28T18:34:35","modified_gmt":"2020-08-28T21:34:35","slug":"mec-vai-oferecer-140-mil-vagas-remanescentes-do-prouni-e-fies","status":"publish","type":"post","link":"https:\/\/pinews.com.br\/index.php\/2020\/08\/28\/mec-vai-oferecer-140-mil-vagas-remanescentes-do-prouni-e-fies\/","title":{"rendered":"MEC vai oferecer 140 mil vagas remanescentes do Prouni e Fies"},"content":{"rendered":"\n<p>O ministro da Educa\u00e7\u00e3o, Milton Ribeiro, disse&nbsp;hoje&nbsp;(28) que o Minist\u00e9rio da Educa\u00e7\u00e3o (MEC) vai abrir processo seletivo para o preenchimento de 90 mil vagas remanescente do Programa Universidade para Todos (Prouni) e 50 mil do Fundo de Financiamento Estudantil (Fies). A sele\u00e7\u00e3o come\u00e7a em setembro, informou Ribeiro durante participa\u00e7\u00e3o em uma videoconfer\u00eancia promovida pela Associa\u00e7\u00e3o Brasileira de Mantenedoras de Ensino Superior (ABMES).<img decoding=\"async\" src=\"https:\/\/agenciabrasil.ebc.com.br\/ebc.png?id=1315107&amp;o=node\"><img decoding=\"async\" src=\"https:\/\/agenciabrasil.ebc.com.br\/ebc.gif?id=1315107&amp;o=node\"><\/p>\n\n\n\n<p>As vagas remanescentes s\u00e3o aquelas que n\u00e3o foram ocupadas no decorrer dos processos seletivos regulares dos programas. A disponibilidade dessas vagas ocorre por desist\u00eancia dos candidatos pr\u00e9-selecionados ou falta de documenta\u00e7\u00e3o, por exemplo.<\/p>\n\n\n\n<p>O Prouni \u00e9 o programa do governo federal que oferece bolsas de estudo, integrais e parciais (50%), em institui\u00e7\u00f5es particulares de educa\u00e7\u00e3o superior. Para concorrer \u00e0s bolsas integrais, o estudante deve comprovar renda familiar bruta mensal, por pessoa, de at\u00e9 1,5 sal\u00e1rio m\u00ednimo. Para as bolsas parciais (50%), a renda familiar bruta mensal deve ser de at\u00e9 tr\u00eas sal\u00e1rios m\u00ednimos por pessoa.<\/p>\n\n\n\n<p>J\u00e1 o Fies tem o objetivo de facilitar o acesso ao cr\u00e9dito para financiamento de cursos de ensino superior oferecidos por institui\u00e7\u00f5es privadas. Criado em 1999, desde 2018, o programa \u00e9 ofertado em duas modalidades, por meio do Fundo de Financiamento Estudantil (Fies) e do Programa de Financiamento Estudantil (P-Fies).<\/p>\n\n\n\n<p>O primeiro \u00e9 operado pelo governo federal, sem incid\u00eancia de juros, para estudantes que t\u00eam renda familiar de at\u00e9 tr\u00eas sal\u00e1rios m\u00ednimos por pessoa; o percentual m\u00e1ximo do valor do curso financiado \u00e9 definido de acordo com a renda familiar e os encargos educacionais cobrados pelas institui\u00e7\u00f5es de ensino. J\u00e1 o P-Fies funciona com recursos dos fundos constitucionais e dos bancos privados participantes, o que implica cobran\u00e7a de juros.<\/p>\n\n\n\n<p><strong>Fonte: Ag\u00eancia Brasil<\/strong><\/p>\n","protected":false},"excerpt":{"rendered":"<p>O ministro da Educa\u00e7\u00e3o, Milton Ribeiro, disse&nbsp;hoje&nbsp;(28) que o Minist\u00e9rio da Educa\u00e7\u00e3o (MEC) vai abrir processo seletivo para o preenchimento de 90 mil vagas remanescente do Programa Universidade para Todos (Prouni) e 50 mil do Fundo de Financiamento Estudantil (Fies). A sele\u00e7\u00e3o come\u00e7a em setembro, informou Ribeiro durante participa\u00e7\u00e3o em uma videoconfer\u00eancia promovida pela Associa\u00e7\u00e3o [&hellip;]<\/p>\n","protected":false},"author":1,"featured_media":12658,"comment_status":"open","ping_status":"open","sticky":false,"template":"","format":"standard","meta":{"beyondwords_generate_audio":"","beyondwords_project_id":"","beyondwords_podcast_id":"","beyondwords_hash":"","beyondwords_error_message":"","beyondwords_disabled":"","publish_post_to_speechkit":"","speechkit_generate_audio":"","speechkit_project_id":"","speechkit_podcast_id":"","speechkit_hash":"","speechkit_error_message":"","speechkit_disabled":"","speechkit_access_key":"","speechkit_error":"","speechkit_info":"","speechkit_response":"","speechkit_retries":"","_speechkit_link":"","_speechkit_text":""},"categories":[394,134],"tags":[4971,1253,4972],"jetpack_featured_media_url":"","_links":{"self":[{"href":"https:\/\/pinews.com.br\/index.php\/wp-json\/wp\/v2\/posts\/12657"}],"collection":[{"href":"https:\/\/pinews.com.br\/index.php\/wp-json\/wp\/v2\/posts"}],"about":[{"href":"https:\/\/pinews.com.br\/index.php\/wp-json\/wp\/v2\/types\/post"}],"author":[{"embeddable":true,"href":"https:\/\/pinews.com.br\/index.php\/wp-json\/wp\/v2\/users\/1"}],"replies":[{"embeddable":true,"href":"https:\/\/pinews.com.br\/index.php\/wp-json\/wp\/v2\/comments?post=12657"}],"version-history":[{"count":0,"href":"https:\/\/pinews.com.br\/index.php\/wp-json\/wp\/v2\/posts\/12657\/revisions"}],"wp:featuredmedia":[{"embeddable":true,"href":"https:\/\/pinews.com.br\/index.php\/wp-json\/"}],"wp:attachment":[{"href":"https:\/\/pinews.com.br\/index.php\/wp-json\/wp\/v2\/media?parent=12657"}],"wp:term":[{"taxonomy":"category","embeddable":true,"href":"https:\/\/pinews.com.br\/index.php\/wp-json\/wp\/v2\/categories?post=12657"},{"taxonomy":"post_tag","embeddable":true,"href":"https:\/\/pinews.com.br\/index.php\/wp-json\/wp\/v2\/tags?post=12657"}],"curies":[{"name":"wp","href":"https:\/\/api.w.org\/{rel}","templated":true}]}}