{"id":12793,"date":"2020-09-01T11:06:36","date_gmt":"2020-09-01T14:06:36","guid":{"rendered":"https:\/\/pinews.com.br\/?p=12793"},"modified":"2020-09-01T11:06:36","modified_gmt":"2020-09-01T14:06:36","slug":"governo-define-mais-4-parcelas-de-r-300-para-auxilio-emergencial","status":"publish","type":"post","link":"https:\/\/pinews.com.br\/index.php\/2020\/09\/01\/governo-define-mais-4-parcelas-de-r-300-para-auxilio-emergencial\/","title":{"rendered":"Governo define mais 4 parcelas de R$ 300 para aux\u00edlio emergencial"},"content":{"rendered":"\n<p>Depois de muitas discuss\u00f5es at\u00e9 acertar o valor final, o governo bateu o martelo ontem e anunciou a prorroga\u00e7\u00e3o do aux\u00edlio emergencial para mais quatro parcelas de R$ 300. A equipe do ministro Paulo Guedes propunha um valor menor, que n\u00e3o ultrapassava R$ 270. Mas o Presidente firmou posi\u00e7\u00e3o em um valor m\u00ednimo de R$ 300.<\/p>\n\n\n\n<p>O an\u00fancio oficial foi feito ontem \u00e0 noite. Agora, o governo deve encaminhar uma Medida Provis\u00f3ria ao Congresso, alterando o valor do aux\u00edlio emergencial. \u00c9 um dinheiro que pesa na contabilidade do teto dos gastos p\u00fablicos, mas que tem sido fundamental para que a popula\u00e7\u00e3o de baixa renda enfrente esse per\u00edodo de pandemia, quando o n\u00edvel de desemprego j\u00e1 atingiu a casa de 13%.<\/p>\n\n\n\n<p>\u00c9 esse dinheiro tamb\u00e9m que tem movimentado os pequenos e m\u00e9dios com\u00e9rcios, evitando que o tombo na economia seja ainda maior em raz\u00e3o do isolamento social necess\u00e1rio para conter a dissemina\u00e7\u00e3o do novo coronav\u00edrus.<\/p>\n\n\n\n<p>O que precisa ser feito pelo governo \u00e9 passar um pente fino na concess\u00e3o do benef\u00edcio para evitar que pessoas que n\u00e3o se enquadrem nos crit\u00e9rios recebam indevidamente o dinheiro que deveria ser pago a pessoas que realmente necessitam. Como escrevemos na coluna de hoje, mais de&nbsp;6 milh\u00f5es de pessoas&nbsp;receberam o aux\u00edlio de forma irregular.<\/p>\n\n\n\n<p><strong>Fonte: Cidade Verde<\/strong><\/p>\n","protected":false},"excerpt":{"rendered":"<p>Depois de muitas discuss\u00f5es at\u00e9 acertar o valor final, o governo bateu o martelo ontem e anunciou a prorroga\u00e7\u00e3o do aux\u00edlio emergencial para mais quatro parcelas de R$ 300. A equipe do ministro Paulo Guedes propunha um valor menor, que n\u00e3o ultrapassava R$ 270. Mas o Presidente firmou posi\u00e7\u00e3o em um valor m\u00ednimo de R$ [&hellip;]<\/p>\n","protected":false},"author":1,"featured_media":12794,"comment_status":"open","ping_status":"open","sticky":false,"template":"","format":"standard","meta":{"beyondwords_generate_audio":"","beyondwords_project_id":"","beyondwords_podcast_id":"","beyondwords_hash":"","beyondwords_error_message":"","beyondwords_disabled":"","publish_post_to_speechkit":"","speechkit_generate_audio":"","speechkit_project_id":"","speechkit_podcast_id":"","speechkit_hash":"","speechkit_error_message":"","speechkit_disabled":"","speechkit_access_key":"","speechkit_error":"","speechkit_info":"","speechkit_response":"","speechkit_retries":"","_speechkit_link":"","_speechkit_text":""},"categories":[134],"tags":[2329,5041,5042],"jetpack_featured_media_url":"","_links":{"self":[{"href":"https:\/\/pinews.com.br\/index.php\/wp-json\/wp\/v2\/posts\/12793"}],"collection":[{"href":"https:\/\/pinews.com.br\/index.php\/wp-json\/wp\/v2\/posts"}],"about":[{"href":"https:\/\/pinews.com.br\/index.php\/wp-json\/wp\/v2\/types\/post"}],"author":[{"embeddable":true,"href":"https:\/\/pinews.com.br\/index.php\/wp-json\/wp\/v2\/users\/1"}],"replies":[{"embeddable":true,"href":"https:\/\/pinews.com.br\/index.php\/wp-json\/wp\/v2\/comments?post=12793"}],"version-history":[{"count":0,"href":"https:\/\/pinews.com.br\/index.php\/wp-json\/wp\/v2\/posts\/12793\/revisions"}],"wp:featuredmedia":[{"embeddable":true,"href":"https:\/\/pinews.com.br\/index.php\/wp-json\/"}],"wp:attachment":[{"href":"https:\/\/pinews.com.br\/index.php\/wp-json\/wp\/v2\/media?parent=12793"}],"wp:term":[{"taxonomy":"category","embeddable":true,"href":"https:\/\/pinews.com.br\/index.php\/wp-json\/wp\/v2\/categories?post=12793"},{"taxonomy":"post_tag","embeddable":true,"href":"https:\/\/pinews.com.br\/index.php\/wp-json\/wp\/v2\/tags?post=12793"}],"curies":[{"name":"wp","href":"https:\/\/api.w.org\/{rel}","templated":true}]}}