{"id":12855,"date":"2020-09-02T10:59:19","date_gmt":"2020-09-02T13:59:19","guid":{"rendered":"https:\/\/pinews.com.br\/?p=12855"},"modified":"2020-09-02T10:59:19","modified_gmt":"2020-09-02T13:59:19","slug":"governo-destina-recursos-para-reducao-da-tarifa-de-energia-eletrica","status":"publish","type":"post","link":"https:\/\/pinews.com.br\/index.php\/2020\/09\/02\/governo-destina-recursos-para-reducao-da-tarifa-de-energia-eletrica\/","title":{"rendered":"Governo destina recursos para redu\u00e7\u00e3o da tarifa de energia el\u00e9trica"},"content":{"rendered":"\n<p>O governo federal editou medida provis\u00f3ria (MP) que destina recursos \u00e0 Conta de Desenvolvimento Energ\u00e9tico (CDE) para a redu\u00e7\u00e3o da tarifa de energia el\u00e9trica para os consumidores at\u00e9 31 de dezembro de 2025. A&nbsp;<a href=\"https:\/\/pesquisa.in.gov.br\/imprensa\/jsp\/visualiza\/index.jsp?data=02\/09\/2020&amp;jornal=515&amp;pagina=1\" target=\"_blank\" rel=\"noreferrer noopener\">MP&nbsp;998\/2020<\/a>&nbsp;foi publicada hoje (2) no&nbsp;<em>Di\u00e1rio Oficial da Uni\u00e3o<\/em>&nbsp;e regulamenta o setor el\u00e9trico, com a altera\u00e7\u00e3o em diversos dispositivos legais.<img decoding=\"async\" src=\"https:\/\/agenciabrasil.ebc.com.br\/ebc.png?id=1386772&amp;o=node\"><img decoding=\"async\" src=\"https:\/\/agenciabrasil.ebc.com.br\/ebc.gif?id=1386772&amp;o=node\"><\/p>\n\n\n\n<p>A CDE \u00e9 um fundo do setor el\u00e9trico que custeia pol\u00edticas p\u00fablicas e programas de subs\u00eddio, como o Luz para Todos e o desconto na tarifa para irriga\u00e7\u00e3o.<\/p>\n\n\n\n<p>A medida ainda destina recursos da Reserva Global de Revers\u00e3o (RGR) e da CDE para atenuar aumentos tarif\u00e1rios para os consumidores das distribuidoras da Eletrobras rec\u00e9m-privatizadas: Amazonas Distribuidora de Energia S.A., Boa Vista Energia S.A., Companhia de Eletricidade do Amap\u00e1 (CEA), Companhia Energ\u00e9tica de Alagoas (Ceal), Companhia Energ\u00e9tica do Piau\u00ed (Cepisa), Centrais El\u00e9tricas de Rond\u00f4nia S.A (Ceron) e Companhia de Eletricidade do Acre (Eletroacre).<\/p>\n\n\n\n<p>Em nota, a Secretaria-Geral da Presid\u00eancia informou que, entre as altera\u00e7\u00f5es, tamb\u00e9m est\u00e1 a transfer\u00eancia das a\u00e7\u00f5es de propriedade da Comiss\u00e3o Nacional de Energia Nuclear para a Uni\u00e3o. As a\u00e7\u00f5es s\u00e3o representativas do capital social das Ind\u00fastrias Nucleares do Brasil (IBN) e da Nuclebr\u00e1s Equipamentos Pesados (Nuclep). A MP transforma as duas entidades em empresas p\u00fablicas, vinculadas ao Minist\u00e9rio de Minas e Energia, por meio do resgaste das a\u00e7\u00f5es dos acionistas privados.<\/p>\n\n\n\n<p>Ainda foram alteradas regras para permitir, n\u00e3o apenas a contrata\u00e7\u00e3o de energia pelas distribuidoras, mas tamb\u00e9m a contrata\u00e7\u00e3o de pot\u00eancia, que \u00e9 a energia para as horas de maior consumo. A partir de agora tamb\u00e9m est\u00e1 permitida a devolu\u00e7\u00e3o da energia comprada pelas distribuidoras e n\u00e3o utilizada.<\/p>\n\n\n\n<p>De acordo com a Presid\u00eancia, a MP ajusta prazos para viabilizar a privatiza\u00e7\u00e3o de empresas de energia estaduais, associadas a outorga de concess\u00e3o por 30 anos, e institui o regime emergencial no caso de insucesso do processo de entrega para a iniciativa privada para garantir o fornecimento de energia aos consumidores.<\/p>\n\n\n\n<p>Outra altera\u00e7\u00e3o realizada por meio da MP, foi atribuir ao Conselho Nacional de Pol\u00edtica Energ\u00e9tica (CNPE) a compet\u00eancia para autorizar a outorga para explora\u00e7\u00e3o da usina termel\u00e9trica nuclear Angra 3 e a celebra\u00e7\u00e3o de contrato para a comercializa\u00e7\u00e3o dessa energia. O prazo da outorga ser\u00e1 de 50 anos, podendo ser prorrogado por at\u00e9 mais 20 anos.<\/p>\n\n\n\n<p><strong>Fonte: Ag\u00eancia Brasil<\/strong><\/p>\n","protected":false},"excerpt":{"rendered":"<p>O governo federal editou medida provis\u00f3ria (MP) que destina recursos \u00e0 Conta de Desenvolvimento Energ\u00e9tico (CDE) para a redu\u00e7\u00e3o da tarifa de energia el\u00e9trica para os consumidores at\u00e9 31 de dezembro de 2025. A&nbsp;MP&nbsp;998\/2020&nbsp;foi publicada hoje (2) no&nbsp;Di\u00e1rio Oficial da Uni\u00e3o&nbsp;e regulamenta o setor el\u00e9trico, com a altera\u00e7\u00e3o em diversos dispositivos legais. A CDE \u00e9 [&hellip;]<\/p>\n","protected":false},"author":1,"featured_media":12856,"comment_status":"open","ping_status":"open","sticky":false,"template":"","format":"standard","meta":{"beyondwords_generate_audio":"","beyondwords_project_id":"","beyondwords_podcast_id":"","beyondwords_hash":"","beyondwords_error_message":"","beyondwords_disabled":"","publish_post_to_speechkit":"","speechkit_generate_audio":"","speechkit_project_id":"","speechkit_podcast_id":"","speechkit_hash":"","speechkit_error_message":"","speechkit_disabled":"","speechkit_access_key":"","speechkit_error":"","speechkit_info":"","speechkit_response":"","speechkit_retries":"","_speechkit_link":"","_speechkit_text":""},"categories":[134],"tags":[458,5074,5075],"jetpack_featured_media_url":"","_links":{"self":[{"href":"https:\/\/pinews.com.br\/index.php\/wp-json\/wp\/v2\/posts\/12855"}],"collection":[{"href":"https:\/\/pinews.com.br\/index.php\/wp-json\/wp\/v2\/posts"}],"about":[{"href":"https:\/\/pinews.com.br\/index.php\/wp-json\/wp\/v2\/types\/post"}],"author":[{"embeddable":true,"href":"https:\/\/pinews.com.br\/index.php\/wp-json\/wp\/v2\/users\/1"}],"replies":[{"embeddable":true,"href":"https:\/\/pinews.com.br\/index.php\/wp-json\/wp\/v2\/comments?post=12855"}],"version-history":[{"count":0,"href":"https:\/\/pinews.com.br\/index.php\/wp-json\/wp\/v2\/posts\/12855\/revisions"}],"wp:featuredmedia":[{"embeddable":true,"href":"https:\/\/pinews.com.br\/index.php\/wp-json\/"}],"wp:attachment":[{"href":"https:\/\/pinews.com.br\/index.php\/wp-json\/wp\/v2\/media?parent=12855"}],"wp:term":[{"taxonomy":"category","embeddable":true,"href":"https:\/\/pinews.com.br\/index.php\/wp-json\/wp\/v2\/categories?post=12855"},{"taxonomy":"post_tag","embeddable":true,"href":"https:\/\/pinews.com.br\/index.php\/wp-json\/wp\/v2\/tags?post=12855"}],"curies":[{"name":"wp","href":"https:\/\/api.w.org\/{rel}","templated":true}]}}