{"id":12916,"date":"2020-09-03T18:30:00","date_gmt":"2020-09-03T21:30:00","guid":{"rendered":"https:\/\/pinews.com.br\/?p=12916"},"modified":"2020-09-03T18:30:00","modified_gmt":"2020-09-03T21:30:00","slug":"suspeito-de-estupro-e-localizado-no-piaui-mais-de-10-anos-apos-o-crime-ao-se-cadastrar-para-auxilio-emergencial","status":"publish","type":"post","link":"https:\/\/pinews.com.br\/index.php\/2020\/09\/03\/suspeito-de-estupro-e-localizado-no-piaui-mais-de-10-anos-apos-o-crime-ao-se-cadastrar-para-auxilio-emergencial\/","title":{"rendered":"Suspeito de estupro \u00e9 localizado no Piau\u00ed mais de 10 anos ap\u00f3s o crime ao se cadastrar para aux\u00edlio emergencial"},"content":{"rendered":"\n<p>Um homem identificado como Francisco Ant\u00f4nio dos Santos Carvalho, de 31 anos, foi preso nessa quarta-feira (2) por crime de estupro ocorrido em 2009 contra uma menina de 12 anos, na zona rural de Cocal dos Alves, Norte do Piau\u00ed. Segundo a Pol\u00edcia Civil, o mandado teria sido expedido em 2015, mas o suspeito fugiu para o Rio de Janeiro e n\u00e3o foi encontrado na \u00e9poca.<\/p>\n\n\n\n<p>De acordo com o agente Walter Brune, da Pol\u00edcia Civil de Cocal, o suspeito foi localizado ao se cadastrar para receber o aux\u00edlio emergencial do governo federal. O benef\u00edcio foi criado para ajudar trabalhadores informais e aut\u00f4nomos durante o per\u00edodo de pandemia da Covid-19.<\/p>\n\n\n\n<p>O mandado de pris\u00e3o preventiva foi cumprido durante a Opera\u00e7\u00e3o Impacto, que prendeu acusados de crimes como estupro, homic\u00eddio e latroc\u00ednio. Ao todo, 43 pessoas foram presas.<\/p>\n\n\n\n<blockquote class=\"wp-block-quote\"><p>&#8220;A v\u00edtima tinha 12 anos na \u00e9poca, na qual ele manteve rela\u00e7\u00f5es sexuais com a menor sob promessas de casamento. Ele foi encontrado em casa, na zona rural do munic\u00edpio O endere\u00e7o foi localizado devido ao cadastro que ele fez para receber o benef\u00edcio&#8221;, informou o agente.<\/p><\/blockquote>\n\n\n\n<p>Ant\u00f4nio dos Santos foi conduzido para a Central de Flagrantes de Parna\u00edba e ser\u00e1 encaminhado para a Penitenci\u00e1ria Mista Juiz Fontes Ibiapina, onde ficar\u00e1 \u00e0 disposi\u00e7\u00e3o da Justi\u00e7a.<\/p>\n\n\n\n<p><strong>Fonte: G1 PI <\/strong><\/p>\n","protected":false},"excerpt":{"rendered":"<p>Um homem identificado como Francisco Ant\u00f4nio dos Santos Carvalho, de 31 anos, foi preso nessa quarta-feira (2) por crime de estupro ocorrido em 2009 contra uma menina de 12 anos, na zona rural de Cocal dos Alves, Norte do Piau\u00ed. Segundo a Pol\u00edcia Civil, o mandado teria sido expedido em 2015, mas o suspeito fugiu [&hellip;]<\/p>\n","protected":false},"author":1,"featured_media":12917,"comment_status":"open","ping_status":"open","sticky":false,"template":"","format":"standard","meta":{"beyondwords_generate_audio":"","beyondwords_project_id":"","beyondwords_podcast_id":"","beyondwords_hash":"","beyondwords_error_message":"","beyondwords_disabled":"","publish_post_to_speechkit":"","speechkit_generate_audio":"","speechkit_project_id":"","speechkit_podcast_id":"","speechkit_hash":"","speechkit_error_message":"","speechkit_disabled":"","speechkit_access_key":"","speechkit_error":"","speechkit_info":"","speechkit_response":"","speechkit_retries":"","_speechkit_link":"","_speechkit_text":""},"categories":[51,78],"tags":[2329,52,4095],"jetpack_featured_media_url":"","_links":{"self":[{"href":"https:\/\/pinews.com.br\/index.php\/wp-json\/wp\/v2\/posts\/12916"}],"collection":[{"href":"https:\/\/pinews.com.br\/index.php\/wp-json\/wp\/v2\/posts"}],"about":[{"href":"https:\/\/pinews.com.br\/index.php\/wp-json\/wp\/v2\/types\/post"}],"author":[{"embeddable":true,"href":"https:\/\/pinews.com.br\/index.php\/wp-json\/wp\/v2\/users\/1"}],"replies":[{"embeddable":true,"href":"https:\/\/pinews.com.br\/index.php\/wp-json\/wp\/v2\/comments?post=12916"}],"version-history":[{"count":0,"href":"https:\/\/pinews.com.br\/index.php\/wp-json\/wp\/v2\/posts\/12916\/revisions"}],"wp:featuredmedia":[{"embeddable":true,"href":"https:\/\/pinews.com.br\/index.php\/wp-json\/"}],"wp:attachment":[{"href":"https:\/\/pinews.com.br\/index.php\/wp-json\/wp\/v2\/media?parent=12916"}],"wp:term":[{"taxonomy":"category","embeddable":true,"href":"https:\/\/pinews.com.br\/index.php\/wp-json\/wp\/v2\/categories?post=12916"},{"taxonomy":"post_tag","embeddable":true,"href":"https:\/\/pinews.com.br\/index.php\/wp-json\/wp\/v2\/tags?post=12916"}],"curies":[{"name":"wp","href":"https:\/\/api.w.org\/{rel}","templated":true}]}}