{"id":12920,"date":"2020-09-04T10:07:46","date_gmt":"2020-09-04T13:07:46","guid":{"rendered":"https:\/\/pinews.com.br\/?p=12920"},"modified":"2020-09-04T10:07:46","modified_gmt":"2020-09-04T13:07:46","slug":"governo-quer-2-anos-de-experiencia-para-efetivar-servidor-publico","status":"publish","type":"post","link":"https:\/\/pinews.com.br\/index.php\/2020\/09\/04\/governo-quer-2-anos-de-experiencia-para-efetivar-servidor-publico\/","title":{"rendered":"Governo quer 2 anos de experi\u00eancia para efetivar servidor p\u00fablico"},"content":{"rendered":"\n<p>O Governo Federal apresentou uma proposta de reforma administrativa que muda regras do funcionalismo p\u00fablico e prev\u00ea a demiss\u00e3o de servidores por baixo desempenho e a exig\u00eancia de dois anos de experi\u00eancia antes que os novos concursados sejam efetivados.<\/p>\n\n\n\n<p>Segundo o Governo, com a reforma, o per\u00edodo de experi\u00eancia ser\u00e1 uma etapa do concurso p\u00fablico, e apenas os candidatos mais bem avaliados ser\u00e3o empossados. Atualmente, as pessoas que s\u00e3o aprovadas em concurso p\u00fablico assumem o cargo imediatamente ap\u00f3s a nomea\u00e7\u00e3o, com um est\u00e1gio probat\u00f3rio de dois anos. Apesar de poder ser demitido neste per\u00edodo, j\u00e1 ocupa o cargo efetivamente.<\/p>\n\n\n\n<p>Durante a apresenta\u00e7\u00e3o da reforma nesta quinta-feira (03), a equipe econ\u00f4mica do Governo explicou que nesse per\u00edodo de experi\u00eancia o candidato ser\u00e1 avaliado, e o concursado dever\u00e1 mostrar compet\u00eancia para que no final seja efetivado. De acordo com o minist\u00e9rio, a ideia destaca a meritocracia.<\/p>\n\n\n\n<p>De acordo com o Governo Federal, a mudan\u00e7a ser\u00e1 v\u00e1lida apenas para os servidores que forem contratados ap\u00f3s a poss\u00edvel aprova\u00e7\u00e3o do Congresso Nacional e da san\u00e7\u00e3o do presidente, n\u00e3o havendo mudan\u00e7a na estabilidade de funcion\u00e1rios antigos.<\/p>\n\n\n\n<p><strong>Fonte: Viagora<\/strong><\/p>\n","protected":false},"excerpt":{"rendered":"<p>O Governo Federal apresentou uma proposta de reforma administrativa que muda regras do funcionalismo p\u00fablico e prev\u00ea a demiss\u00e3o de servidores por baixo desempenho e a exig\u00eancia de dois anos de experi\u00eancia antes que os novos concursados sejam efetivados. Segundo o Governo, com a reforma, o per\u00edodo de experi\u00eancia ser\u00e1 uma etapa do concurso p\u00fablico, [&hellip;]<\/p>\n","protected":false},"author":1,"featured_media":12921,"comment_status":"open","ping_status":"open","sticky":false,"template":"","format":"standard","meta":{"beyondwords_generate_audio":"","beyondwords_project_id":"","beyondwords_podcast_id":"","beyondwords_hash":"","beyondwords_error_message":"","beyondwords_disabled":"","publish_post_to_speechkit":"","speechkit_generate_audio":"","speechkit_project_id":"","speechkit_podcast_id":"","speechkit_hash":"","speechkit_error_message":"","speechkit_disabled":"","speechkit_access_key":"","speechkit_error":"","speechkit_info":"","speechkit_response":"","speechkit_retries":"","_speechkit_link":"","_speechkit_text":""},"categories":[134],"tags":[5098,458,5099],"jetpack_featured_media_url":"","_links":{"self":[{"href":"https:\/\/pinews.com.br\/index.php\/wp-json\/wp\/v2\/posts\/12920"}],"collection":[{"href":"https:\/\/pinews.com.br\/index.php\/wp-json\/wp\/v2\/posts"}],"about":[{"href":"https:\/\/pinews.com.br\/index.php\/wp-json\/wp\/v2\/types\/post"}],"author":[{"embeddable":true,"href":"https:\/\/pinews.com.br\/index.php\/wp-json\/wp\/v2\/users\/1"}],"replies":[{"embeddable":true,"href":"https:\/\/pinews.com.br\/index.php\/wp-json\/wp\/v2\/comments?post=12920"}],"version-history":[{"count":0,"href":"https:\/\/pinews.com.br\/index.php\/wp-json\/wp\/v2\/posts\/12920\/revisions"}],"wp:featuredmedia":[{"embeddable":true,"href":"https:\/\/pinews.com.br\/index.php\/wp-json\/"}],"wp:attachment":[{"href":"https:\/\/pinews.com.br\/index.php\/wp-json\/wp\/v2\/media?parent=12920"}],"wp:term":[{"taxonomy":"category","embeddable":true,"href":"https:\/\/pinews.com.br\/index.php\/wp-json\/wp\/v2\/categories?post=12920"},{"taxonomy":"post_tag","embeddable":true,"href":"https:\/\/pinews.com.br\/index.php\/wp-json\/wp\/v2\/tags?post=12920"}],"curies":[{"name":"wp","href":"https:\/\/api.w.org\/{rel}","templated":true}]}}