{"id":12925,"date":"2020-09-04T10:14:40","date_gmt":"2020-09-04T13:14:40","guid":{"rendered":"https:\/\/pinews.com.br\/?p=12925"},"modified":"2020-09-04T10:14:40","modified_gmt":"2020-09-04T13:14:40","slug":"caixa-paga-hoje-auxilio-emergencial-para-nascidos-em-marco","status":"publish","type":"post","link":"https:\/\/pinews.com.br\/index.php\/2020\/09\/04\/caixa-paga-hoje-auxilio-emergencial-para-nascidos-em-marco\/","title":{"rendered":"Caixa paga hoje aux\u00edlio emergencial para nascidos em mar\u00e7o"},"content":{"rendered":"\n<p>A Caixa Econ\u00f4mica Federal segue com o Ciclo 2 de pagamentos das parcelas do aux\u00edlio emergencial. Hoje (4) \u00e9 a vez de 4,1 milh\u00f5es de benefici\u00e1rios, nascidos em mar\u00e7o, receberem o cr\u00e9dito na poupan\u00e7a social.<img decoding=\"async\" src=\"https:\/\/agenciabrasil.ebc.com.br\/ebc.png?id=1387014&amp;o=node\"><img decoding=\"async\" src=\"https:\/\/agenciabrasil.ebc.com.br\/ebc.gif?id=1387014&amp;o=node\"><\/p>\n\n\n\n<p>Os cr\u00e9ditos come\u00e7aram&nbsp; no dia 28 de agosto pelos benefici\u00e1rios nascidos em janeiro. Depois, no dia 2 deste m\u00eas, o cr\u00e9dito foi liberado para quem nasceu&nbsp; em fevereiro. O segundo ciclo de pagamentos vai at\u00e9 27 de outubro.<\/p>\n\n\n\n<p>Neste ciclo, mais tr\u00eas p\u00fablicos foram inclu\u00eddos: trabalhadores que fizeram o cadastro nas ag\u00eancias dos Correios entre 2 de junho e 8 de julho; trabalhadores que fizeram a contesta\u00e7\u00e3o pelo site da Caixa ou aplicativo&nbsp;Caixa Aux\u00edlio Emergencial de 3 de julho a 16 de agosto e foram considerados eleg\u00edveis; benefici\u00e1rios que tenham recebido a primeira parcela em meses anteriores, mas que tiveram o benef\u00edcio reavaliado em agosto. No caso das reavalia\u00e7\u00f5es, o benef\u00edcio foi liberado novamente para 148 mil pessoas.<\/p>\n\n\n\n<p>Os recursos podem ser movimentados por meio do aplicativo&nbsp;<em>Caixa Tem<\/em>. Com ele \u00e9 poss\u00edvel pagar boletos e fazer compras na internet e nas maquininhas em mais de um milh\u00e3o de estabelecimentos comerciais.<\/p>\n\n\n\n<p>O calend\u00e1rio de pagamentos do aux\u00edlio emergencial \u00e9 organizado em ciclos de cr\u00e9dito em conta poupan\u00e7a social digital e de saque em esp\u00e9cie.<\/p>\n\n\n\n<p>Os benefici\u00e1rios recebem a parcela a que t\u00eam direito no per\u00edodo de acordo com o m\u00eas de nascimento. Para os nascidos em mar\u00e7o, os saques e transfer\u00eancias ser\u00e3o liberados no dia 29 de setembro.<\/p>\n\n\n\n<p>Aqueles que tiveram os pagamentos retidos v\u00e3o receber todas as parcelas a que t\u00eam direito de uma s\u00f3 vez, dentro do Ciclo 2. J\u00e1 os trabalhadores que optaram por realizar o cadastro nos Correios e aqueles que contestaram v\u00e3o receber a primeira parcela dentro do Ciclo 2. As parcelas P2 e P3 ser\u00e3o pagas no Ciclo 3 e as parcelas P4 e P5, no Ciclo 4.<\/p>\n\n\n\n<h2>Confira os calend\u00e1rios de cr\u00e9dito na poupan\u00e7a social e de saques:<\/h2>\n\n\n\n<figure class=\"wp-block-table\"><table><tbody><tr><td><strong>Calend\u00e1rio de pagamentos \u2013 Ciclo 2<\/strong><strong>Cr\u00e9dito em poupan\u00e7a social da Caixa<\/strong><\/td><\/tr><tr><td>28 de agosto(sexta-feira)<\/td><td>2 de setembro(quarta-feira)<\/td><td>4 de setembro(sexta-feira)<\/td><td>9 de setembro(quarta-feira)<\/td><td>11 de setembro(sexta-feira)<\/td><td>16 de setembro(quarta-feira)<\/td><\/tr><tr><td>Nascidos em janeiro<\/td><td>Nascidos em fevereiro<\/td><td>Nascidos em mar\u00e7o<\/td><td>Nascidos em abril<\/td><td>Nascidos em maio<\/td><td>Nascidos em junho<\/td><\/tr><tr><td>&nbsp;<\/td><\/tr><tr><td>18 de setembro(sexta-feira)<\/td><td>23 de setembro(quarta-feira)<\/td><td>25 de setembro(sexta-feira)<\/td><td>28 de setembro(segunda-feira)<\/td><td>30 de setembro(sexta-feira)<\/td><td>&nbsp;<\/td><\/tr><tr><td>Nascidos em julho<\/td><td>Nascidos em agosto<\/td><td>Nascidos em setembro<\/td><td>Nascidos em outubro e novembro<\/td><td>Nascidos em dezembro<\/td><\/tr><\/tbody><\/table><\/figure>\n\n\n\n<p>Fonte: Caixa Econ\u00f4mica Federal<\/p>\n\n\n\n<figure class=\"wp-block-table\"><table><tbody><tr><td><strong>Calend\u00e1rio de saques em dinheiro e transfer\u00eancias \u2013 Ciclo 2<\/strong><\/td><\/tr><tr><td>19 de setembro(s\u00e1bado)<\/td><td>22 de setembro(ter\u00e7a-feira)<\/td><td>29 de setembro(ter\u00e7a-feira)<\/td><td>1\u00ba de outubro(quinta-feira)<\/td><td>3 de outubro(s\u00e1bado)<\/td><td>6 de outubro(ter\u00e7a-feira)<\/td><\/tr><tr><td>Nascidos em janeiro<\/td><td>Nascidos em fevereiro<\/td><td>Nascidos em mar\u00e7o<\/td><td>Nascidos em abril<\/td><td>Nascidos em maio<\/td><td>Nascidos em junho<\/td><\/tr><tr><td>&nbsp;<\/td><\/tr><tr><td>8 de outubro(quinta-feira)<\/td><td>13 outubro(ter\u00e7a-feira)<\/td><td>15 de outubro(quinta-feira)<\/td><td>20 de outubro(ter\u00e7a-feira)<\/td><td>22 de outubro(quinta-feira)<\/td><td>27 de outubro(ter\u00e7a-feira)<\/td><\/tr><tr><td>Nascidos em julho<\/td><td>Nascidos em agosto<\/td><td>Nascidos em setembro<\/td><td>Nascidos em outubro<\/td><td>Nascidos em novembro<\/td><td>Nascidos em dezembro<\/td><\/tr><\/tbody><\/table><\/figure>\n\n\n\n<p><strong>Fonte: Caixa Econ\u00f4mica Federal<\/strong><\/p>\n","protected":false},"excerpt":{"rendered":"<p>A Caixa Econ\u00f4mica Federal segue com o Ciclo 2 de pagamentos das parcelas do aux\u00edlio emergencial. Hoje (4) \u00e9 a vez de 4,1 milh\u00f5es de benefici\u00e1rios, nascidos em mar\u00e7o, receberem o cr\u00e9dito na poupan\u00e7a social. Os cr\u00e9ditos come\u00e7aram&nbsp; no dia 28 de agosto pelos benefici\u00e1rios nascidos em janeiro. Depois, no dia 2 deste m\u00eas, o [&hellip;]<\/p>\n","protected":false},"author":1,"featured_media":12926,"comment_status":"open","ping_status":"open","sticky":false,"template":"","format":"standard","meta":{"beyondwords_generate_audio":"","beyondwords_project_id":"","beyondwords_podcast_id":"","beyondwords_hash":"","beyondwords_error_message":"","beyondwords_disabled":"","publish_post_to_speechkit":"","speechkit_generate_audio":"","speechkit_project_id":"","speechkit_podcast_id":"","speechkit_hash":"","speechkit_error_message":"","speechkit_disabled":"","speechkit_access_key":"","speechkit_error":"","speechkit_info":"","speechkit_response":"","speechkit_retries":"","_speechkit_link":"","_speechkit_text":""},"categories":[516,134],"tags":[2329,662,5100],"jetpack_featured_media_url":"","_links":{"self":[{"href":"https:\/\/pinews.com.br\/index.php\/wp-json\/wp\/v2\/posts\/12925"}],"collection":[{"href":"https:\/\/pinews.com.br\/index.php\/wp-json\/wp\/v2\/posts"}],"about":[{"href":"https:\/\/pinews.com.br\/index.php\/wp-json\/wp\/v2\/types\/post"}],"author":[{"embeddable":true,"href":"https:\/\/pinews.com.br\/index.php\/wp-json\/wp\/v2\/users\/1"}],"replies":[{"embeddable":true,"href":"https:\/\/pinews.com.br\/index.php\/wp-json\/wp\/v2\/comments?post=12925"}],"version-history":[{"count":0,"href":"https:\/\/pinews.com.br\/index.php\/wp-json\/wp\/v2\/posts\/12925\/revisions"}],"wp:featuredmedia":[{"embeddable":true,"href":"https:\/\/pinews.com.br\/index.php\/wp-json\/"}],"wp:attachment":[{"href":"https:\/\/pinews.com.br\/index.php\/wp-json\/wp\/v2\/media?parent=12925"}],"wp:term":[{"taxonomy":"category","embeddable":true,"href":"https:\/\/pinews.com.br\/index.php\/wp-json\/wp\/v2\/categories?post=12925"},{"taxonomy":"post_tag","embeddable":true,"href":"https:\/\/pinews.com.br\/index.php\/wp-json\/wp\/v2\/tags?post=12925"}],"curies":[{"name":"wp","href":"https:\/\/api.w.org\/{rel}","templated":true}]}}