{"id":12948,"date":"2020-09-04T11:00:16","date_gmt":"2020-09-04T14:00:16","guid":{"rendered":"https:\/\/pinews.com.br\/?p=12948"},"modified":"2020-09-04T11:00:16","modified_gmt":"2020-09-04T14:00:16","slug":"guarda-municipal-e-preso-suspeito-de-estuprar-crianca-em-abrigo-no-piaui","status":"publish","type":"post","link":"https:\/\/pinews.com.br\/index.php\/2020\/09\/04\/guarda-municipal-e-preso-suspeito-de-estuprar-crianca-em-abrigo-no-piaui\/","title":{"rendered":"Guarda Municipal \u00e9 preso suspeito de estuprar crian\u00e7a em abrigo no Piau\u00ed"},"content":{"rendered":"\n<p>Um guarda municipal de Teresina foi preso nessa quarta-feira (2) suspeito de estuprar uma crian\u00e7a em um abrigo na Vila Oper\u00e1ria, Zona Norte da cidade. De acordo com a Pol\u00edcia Civil, a pris\u00e3o se deu ap\u00f3s investiga\u00e7\u00e3o da Delegacia de Prote\u00e7\u00e3o a Crian\u00e7a e ao Adolescente (DCPA).<\/p>\n\n\n\n<p>O mandado de pris\u00e3o preventiva foi cumprido durante a Opera\u00e7\u00e3o Impacto, que prendeu acusados de crimes como estupro, homic\u00eddio e latroc\u00ednio. Ao todo, 43 pessoas foram presas.<\/p>\n\n\n\n<blockquote class=\"wp-block-quote\"><p>&#8220;Funcion\u00e1rios do abrigo contaram que o guarda municipal frequentava o abrigo e a partir disso tinha acesso a crian\u00e7a. Eles descobriram os abusos e denunciaram o caso \u00e0 pol\u00edcia&#8221;, informou o delegado Sebasti\u00e3o Alencar, chefe da Ger\u00eancia de Policiamento Metropolitana.<\/p><\/blockquote>\n\n\n\n<p>Conforme o delegado, a DPCA deu in\u00edcio a investiga\u00e7\u00e3o do caso e entrou com a representa\u00e7\u00e3o pela pris\u00e3o do suspeito. O guarda municipal foi preso no bairro \u00c1gua Mineral.<\/p>\n\n\n\n<p>&#8220;A crian\u00e7a ser\u00e1 orientada por psic\u00f3logos e assistentes sociais para se resguardar e a pol\u00edcia ter um laudo de como se encontra a v\u00edtima. A investiga\u00e7\u00e3o deve analisar porque o suspeito frequentava o local, se tinha uma pessoa conhecida dentro do abrigo ou estava fazendo atividade extra&#8221;, explicou.<\/p>\n\n\n\n<p>Em nota, a Guarda Civil Municipal de Teresina (GCM) informou que n\u00e3o ir\u00e1 se manifestar sobre o caso, pois foi informada que o mesmo est\u00e1 em segredo de Justi\u00e7a. &#8220;Aguardaremos informa\u00e7\u00f5es, que ser\u00e3o solicitadas \u00e0 Pol\u00edcia Civil, para ado\u00e7\u00e3o de medidas administrativas, que couberem&#8221;, disse.<\/p>\n\n\n\n<p>Ao <strong>G1<\/strong>, a Secretaria Municipal de Cidadania, Assist\u00eancia Social e Pol\u00edticas Integradas (Semcaspi), respons\u00e1vel pela Guarda Municipal, informou que n\u00e3o ir\u00e1 se posicionar sobre a pris\u00e3o.<\/p>\n\n\n\n<p><strong>Fonte: G1 PI<\/strong><\/p>\n","protected":false},"excerpt":{"rendered":"<p>Um guarda municipal de Teresina foi preso nessa quarta-feira (2) suspeito de estuprar uma crian\u00e7a em um abrigo na Vila Oper\u00e1ria, Zona Norte da cidade. De acordo com a Pol\u00edcia Civil, a pris\u00e3o se deu ap\u00f3s investiga\u00e7\u00e3o da Delegacia de Prote\u00e7\u00e3o a Crian\u00e7a e ao Adolescente (DCPA). O mandado de pris\u00e3o preventiva foi cumprido durante [&hellip;]<\/p>\n","protected":false},"author":1,"featured_media":12951,"comment_status":"open","ping_status":"open","sticky":false,"template":"","format":"standard","meta":{"beyondwords_generate_audio":"","beyondwords_project_id":"","beyondwords_podcast_id":"","beyondwords_hash":"","beyondwords_error_message":"","beyondwords_disabled":"","publish_post_to_speechkit":"","speechkit_generate_audio":"","speechkit_project_id":"","speechkit_podcast_id":"","speechkit_hash":"","speechkit_error_message":"","speechkit_disabled":"","speechkit_access_key":"","speechkit_error":"","speechkit_info":"","speechkit_response":"","speechkit_retries":"","_speechkit_link":"","_speechkit_text":""},"categories":[51,78,81],"tags":[5107,5108,52,5109],"jetpack_featured_media_url":"","_links":{"self":[{"href":"https:\/\/pinews.com.br\/index.php\/wp-json\/wp\/v2\/posts\/12948"}],"collection":[{"href":"https:\/\/pinews.com.br\/index.php\/wp-json\/wp\/v2\/posts"}],"about":[{"href":"https:\/\/pinews.com.br\/index.php\/wp-json\/wp\/v2\/types\/post"}],"author":[{"embeddable":true,"href":"https:\/\/pinews.com.br\/index.php\/wp-json\/wp\/v2\/users\/1"}],"replies":[{"embeddable":true,"href":"https:\/\/pinews.com.br\/index.php\/wp-json\/wp\/v2\/comments?post=12948"}],"version-history":[{"count":0,"href":"https:\/\/pinews.com.br\/index.php\/wp-json\/wp\/v2\/posts\/12948\/revisions"}],"wp:featuredmedia":[{"embeddable":true,"href":"https:\/\/pinews.com.br\/index.php\/wp-json\/"}],"wp:attachment":[{"href":"https:\/\/pinews.com.br\/index.php\/wp-json\/wp\/v2\/media?parent=12948"}],"wp:term":[{"taxonomy":"category","embeddable":true,"href":"https:\/\/pinews.com.br\/index.php\/wp-json\/wp\/v2\/categories?post=12948"},{"taxonomy":"post_tag","embeddable":true,"href":"https:\/\/pinews.com.br\/index.php\/wp-json\/wp\/v2\/tags?post=12948"}],"curies":[{"name":"wp","href":"https:\/\/api.w.org\/{rel}","templated":true}]}}