{"id":13078,"date":"2020-09-07T18:47:50","date_gmt":"2020-09-07T21:47:50","guid":{"rendered":"https:\/\/pinews.com.br\/?p=13078"},"modified":"2020-09-07T18:47:50","modified_gmt":"2020-09-07T21:47:50","slug":"incendio-em-deposito-de-delegacia-em-timon-queima-mais-de-40-veiculos","status":"publish","type":"post","link":"https:\/\/pinews.com.br\/index.php\/2020\/09\/07\/incendio-em-deposito-de-delegacia-em-timon-queima-mais-de-40-veiculos\/","title":{"rendered":"Inc\u00eandio em dep\u00f3sito de delegacia em Timon queima mais de 40 ve\u00edculos"},"content":{"rendered":"\n<p>O dep\u00f3sito de ve\u00edculos do 2\u00ba Distrito Policial em Timon, no Maranh\u00e3o, pegou fogo na tarde desta segunda-feira (07) e queimou a maioria dos carros e motocicletas que estavam no local. N\u00e3o h\u00e1 confirma\u00e7\u00e3o da quantidade exata de ve\u00edculos no local; pelo menos 26 carros e mais de 20 motos foram incendiados. Equipes do Corpo de Bombeiros estiveram no local e controlaram as chamas.<\/p>\n\n\n\n<p>Tamb\u00e9m n\u00e3o h\u00e1, at\u00e9 o momento, a confirma\u00e7\u00e3o oficial das causas do inc\u00eandio. Por volta das 13h30, os bombeiros trabalhavam com o rescaldo do fogo para evitar novas explos\u00f5es, pois muitos carros continham combust\u00edvel. O tenente Lucas, do Corpo de Bombeiros do Maranh\u00e3o, relata que o fogo teve durabilidade de aproximadamente uma hora e conseguiu queimar muitos ve\u00edculos devido o combust\u00edvel presente em alguns, al\u00e9m da proximidade entre eles e da vegeta\u00e7\u00e3o rasteira e seca no ch\u00e3o do dep\u00f3sito.&nbsp; O inc\u00eandio come\u00e7ou por volta do meio dia de desta segunda.<\/p>\n\n\n\n<p>\u201cNo momento, a gente j\u00e1 controlou o inc\u00eandio. Agora n\u00f3s estamos na fase do rescaldo, a parte de resfriamento para diminuir mais a incid\u00eancia da fuma\u00e7a. A popula\u00e7\u00e3o acredita que quanto mais fuma\u00e7a maior \u00e9 o inc\u00eandio, que n\u00e3o \u00e9 verdade. No caso, aqui, h\u00e1 fuma\u00e7a, mas n\u00e3o h\u00e1 mais o inc\u00eandio.A gente est\u00e1 resfriando para evitar que haja uma poss\u00edvel reigni\u00e7\u00e3o das chamas por conta do calor.&nbsp; \u201c, disse o tenente.<\/p>\n\n\n\n<p>Os bombeiros tamb\u00e9m levantaram o cap\u00f4 dos autom\u00f3veis no local \u201cporque pode ser que tenha alguma chama escondida. Ent\u00e3o, a gente levanta o cap\u00f4 para verificar se ainda h\u00e1 inc\u00eandio no ve\u00edculo\u201d, explica o tenente. \u201cA maioria dos ve\u00edculos tinha combust\u00edvel, o que causou o aumento da fuma\u00e7a\u201d. O inc\u00eandio n\u00e3o chegou \u00e0s casas vizinhas. \u201cAcredita-se que o inc\u00eandio come\u00e7ou em um p\u00e1lio descaracterizado da pol\u00edcia\u201d.<\/p>\n\n\n\n<p>Dos ve\u00edculos, apenas tr\u00eas n\u00e3o eram considerados sucata, incluindo a viatura descaracterizada de uso da pol\u00edcia.<\/p>\n\n\n\n<p>O 2\u00ba Distrito Policial fica \u00e0s margens da BR-226 e chamou&nbsp; a aten\u00e7\u00e3o de quem passava pelo local. Os ve\u00edculos guardados no dep\u00f3sito foram recolhidos em inqu\u00e9ritos policiais, alguns j\u00e1 remetidos \u00e0 Justi\u00e7a.<\/p>\n\n\n\n<p>No momento do inc\u00eandio, a delegacia estava fechada e o delegado titular de folga j\u00e1 que hoje \u00e9 feriado nacional em refer\u00eancia \u00e0 comemora\u00e7\u00e3o da Independ\u00eancia do Brasil. O vigilante do local acionou a equipe dos Bombeiros. A estrutura f\u00edsica do distrito policial ficou preservado.<\/p>\n\n\n\n<p><strong>Fonte: Carlienne Carpaso\/ Cidade Verde<\/strong> <\/p>\n","protected":false},"excerpt":{"rendered":"<p>O dep\u00f3sito de ve\u00edculos do 2\u00ba Distrito Policial em Timon, no Maranh\u00e3o, pegou fogo na tarde desta segunda-feira (07) e queimou a maioria dos carros e motocicletas que estavam no local. N\u00e3o h\u00e1 confirma\u00e7\u00e3o da quantidade exata de ve\u00edculos no local; pelo menos 26 carros e mais de 20 motos foram incendiados. Equipes do Corpo [&hellip;]<\/p>\n","protected":false},"author":1,"featured_media":13079,"comment_status":"open","ping_status":"open","sticky":false,"template":"","format":"standard","meta":{"beyondwords_generate_audio":"","beyondwords_project_id":"","beyondwords_podcast_id":"","beyondwords_hash":"","beyondwords_error_message":"","beyondwords_disabled":"","publish_post_to_speechkit":"","speechkit_generate_audio":"","speechkit_project_id":"","speechkit_podcast_id":"","speechkit_hash":"","speechkit_error_message":"","speechkit_disabled":"","speechkit_access_key":"","speechkit_error":"","speechkit_info":"","speechkit_response":"","speechkit_retries":"","_speechkit_link":"","_speechkit_text":""},"categories":[134],"tags":[5170,4496,2127],"jetpack_featured_media_url":"","_links":{"self":[{"href":"https:\/\/pinews.com.br\/index.php\/wp-json\/wp\/v2\/posts\/13078"}],"collection":[{"href":"https:\/\/pinews.com.br\/index.php\/wp-json\/wp\/v2\/posts"}],"about":[{"href":"https:\/\/pinews.com.br\/index.php\/wp-json\/wp\/v2\/types\/post"}],"author":[{"embeddable":true,"href":"https:\/\/pinews.com.br\/index.php\/wp-json\/wp\/v2\/users\/1"}],"replies":[{"embeddable":true,"href":"https:\/\/pinews.com.br\/index.php\/wp-json\/wp\/v2\/comments?post=13078"}],"version-history":[{"count":0,"href":"https:\/\/pinews.com.br\/index.php\/wp-json\/wp\/v2\/posts\/13078\/revisions"}],"wp:featuredmedia":[{"embeddable":true,"href":"https:\/\/pinews.com.br\/index.php\/wp-json\/"}],"wp:attachment":[{"href":"https:\/\/pinews.com.br\/index.php\/wp-json\/wp\/v2\/media?parent=13078"}],"wp:term":[{"taxonomy":"category","embeddable":true,"href":"https:\/\/pinews.com.br\/index.php\/wp-json\/wp\/v2\/categories?post=13078"},{"taxonomy":"post_tag","embeddable":true,"href":"https:\/\/pinews.com.br\/index.php\/wp-json\/wp\/v2\/tags?post=13078"}],"curies":[{"name":"wp","href":"https:\/\/api.w.org\/{rel}","templated":true}]}}