{"id":13357,"date":"2020-09-14T11:00:20","date_gmt":"2020-09-14T14:00:20","guid":{"rendered":"https:\/\/pinews.com.br\/?p=13357"},"modified":"2020-09-14T11:00:20","modified_gmt":"2020-09-14T14:00:20","slug":"morre-cantor-parrerito-do-trio-parada-dura-apos-contrair-covid-19","status":"publish","type":"post","link":"https:\/\/pinews.com.br\/index.php\/2020\/09\/14\/morre-cantor-parrerito-do-trio-parada-dura-apos-contrair-covid-19\/","title":{"rendered":"Morre cantor Parrerito, do Trio Parada Dura, ap\u00f3s contrair Covid-19"},"content":{"rendered":"\n<p>O Trio Parada Dura informou, na noite deste domingo (13), a morte do cantor Parrerito, aos 67 anos. Ele estava&nbsp;internado em estado grave&nbsp;h\u00e1 cerca de duas semanas ap\u00f3s testar positivo para o novo coronav\u00edrus, que causa a Covid-19.<\/p>\n\n\n\n<p>Eduardo Borges, conhecido como Parrerito, era diab\u00e9tico. Ele testou positivo para o novo coronav\u00edrus em 29 de agosto e foi internado no Hospital Unimed, em Belo Horizonte. Ap\u00f3s sofrer um mal s\u00fabito, no dia 31 precisou ser intubado na UTI, ent\u00e3o com 50% do pulm\u00e3o comprometido.<\/p>\n\n\n\n<p>Creone e Xonad\u00e3o, os outros integrantes do Trio Parada Dura, tamb\u00e9m realizaram exames e testaram negativo para o v\u00edrus.<\/p>\n\n\n\n<p>Um dos mais ic\u00f4nicos grupos sertanejos do pa\u00eds, o Trio Parada Dura fez grande sucesso na d\u00e9cada de 1980 com a can\u00e7\u00e3o \u201c<em>As Andorinhas<\/em>\u201c. Outros grandes sucessos gravados pelo conjunto foram \u201c<em>Fusc\u00e3o Preto<\/em>\u201d e \u201c<em>Telefone Mudo<\/em>\u201c.<\/p>\n\n\n\n<p>\u201cIgual a andorinha, Parrerito parte voando e deixa um Brasil inteiro j\u00e1 com saudade de sua voz que por quase quatro d\u00e9cadas marcou gera\u00e7\u00f5es no Trio Parada Dura. Ficar\u00e1 para sempre em nossos cora\u00e7\u00f5es e na mem\u00f3ria da m\u00fasica sertaneja. Parrerito deixa mulher, filhas e netas que eram sua grande paix\u00e3o. Vai com Deus, Parrerito! Sentiremos muito sua falta\u201d, disse o grupo, em nota.<\/p>\n\n\n\n<p><strong>Fonte: CNN<\/strong><\/p>\n","protected":false},"excerpt":{"rendered":"<p>O Trio Parada Dura informou, na noite deste domingo (13), a morte do cantor Parrerito, aos 67 anos. Ele estava&nbsp;internado em estado grave&nbsp;h\u00e1 cerca de duas semanas ap\u00f3s testar positivo para o novo coronav\u00edrus, que causa a Covid-19. Eduardo Borges, conhecido como Parrerito, era diab\u00e9tico. Ele testou positivo para o novo coronav\u00edrus em 29 de [&hellip;]<\/p>\n","protected":false},"author":1,"featured_media":13358,"comment_status":"open","ping_status":"open","sticky":false,"template":"","format":"standard","meta":{"beyondwords_generate_audio":"","beyondwords_project_id":"","beyondwords_podcast_id":"","beyondwords_hash":"","beyondwords_error_message":"","beyondwords_disabled":"","publish_post_to_speechkit":"","speechkit_generate_audio":"","speechkit_project_id":"","speechkit_podcast_id":"","speechkit_hash":"","speechkit_error_message":"","speechkit_disabled":"","speechkit_access_key":"","speechkit_error":"","speechkit_info":"","speechkit_response":"","speechkit_retries":"","_speechkit_link":"","_speechkit_text":""},"categories":[134],"tags":[70,1192,5306,5307,5308,119,5309,5310,157],"jetpack_featured_media_url":"","_links":{"self":[{"href":"https:\/\/pinews.com.br\/index.php\/wp-json\/wp\/v2\/posts\/13357"}],"collection":[{"href":"https:\/\/pinews.com.br\/index.php\/wp-json\/wp\/v2\/posts"}],"about":[{"href":"https:\/\/pinews.com.br\/index.php\/wp-json\/wp\/v2\/types\/post"}],"author":[{"embeddable":true,"href":"https:\/\/pinews.com.br\/index.php\/wp-json\/wp\/v2\/users\/1"}],"replies":[{"embeddable":true,"href":"https:\/\/pinews.com.br\/index.php\/wp-json\/wp\/v2\/comments?post=13357"}],"version-history":[{"count":0,"href":"https:\/\/pinews.com.br\/index.php\/wp-json\/wp\/v2\/posts\/13357\/revisions"}],"wp:featuredmedia":[{"embeddable":true,"href":"https:\/\/pinews.com.br\/index.php\/wp-json\/"}],"wp:attachment":[{"href":"https:\/\/pinews.com.br\/index.php\/wp-json\/wp\/v2\/media?parent=13357"}],"wp:term":[{"taxonomy":"category","embeddable":true,"href":"https:\/\/pinews.com.br\/index.php\/wp-json\/wp\/v2\/categories?post=13357"},{"taxonomy":"post_tag","embeddable":true,"href":"https:\/\/pinews.com.br\/index.php\/wp-json\/wp\/v2\/tags?post=13357"}],"curies":[{"name":"wp","href":"https:\/\/api.w.org\/{rel}","templated":true}]}}