{"id":13485,"date":"2020-09-16T18:51:31","date_gmt":"2020-09-16T21:51:31","guid":{"rendered":"https:\/\/pinews.com.br\/?p=13485"},"modified":"2020-09-16T18:51:31","modified_gmt":"2020-09-16T21:51:31","slug":"homens-que-morreram-em-acidente-em-oeiras-tinham-ido-buscar-tio-que-nao-viam-a-50-anos","status":"publish","type":"post","link":"https:\/\/pinews.com.br\/index.php\/2020\/09\/16\/homens-que-morreram-em-acidente-em-oeiras-tinham-ido-buscar-tio-que-nao-viam-a-50-anos\/","title":{"rendered":"Homens que morreram em acidente em Oeiras tinham ido buscar tio que n\u00e3o viam h\u00e1 50 anos"},"content":{"rendered":"\n<p><em>Jos\u00e9 Le\u00f4ncio,&nbsp;Balbino Jos\u00e9 Filho e&nbsp;Bernardino Veloso &#8211; Mortos no acidente<\/em><\/p>\n\n\n\n<p>Uma hist\u00f3ria comovente que terminou em trag\u00e9dia. Os tr\u00eas mortos no&nbsp;acidente envolvendo um carro de passeio e uma carreta,&nbsp;na BR-230, em Oeiras, eram da mesma fam\u00edlia e retornavam de viagem do estado do Par\u00e1.&nbsp;<\/p>\n\n\n\n<p>Os irm\u00e3os Jos\u00e9 Le\u00f4ncio Veloso, de 52 anos, e Jos\u00e9 Alexandre Veloso (sobrevivente) , de 50 anos, haviam sa\u00eddo de&nbsp; Jaic\u00f3s no \u00faltimo s\u00e1bado, na companhia de um primo, Balbino Jos\u00e9 Ant\u00f4nio de Sousa Filho, de 26 anos, conhecido como Sousinha. Eles estavam em busca do tio, Bernardino Le\u00f4ncio Veloso, de 88 anos, que tamb\u00e9m morreu no acidente.&nbsp;<\/p>\n\n\n\n<p>O&nbsp;<em>cidadeverde.com<\/em>&nbsp;conversou com a esposa de Jos\u00e9 Le\u00f4ncio, um dos mortos no acidente. L\u00facia Veloso contou que os irm\u00e3os haviam tomado conhecimento do paradeiro do tio, atrav\u00e9s da internet h\u00e1 cerca de um m\u00eas e resolveram busc\u00e1-lo para morar em Jaic\u00f3s.&nbsp;<\/p>\n\n\n\n<p>&#8220;Eles foram buscar, porque ele n\u00e3o tem fam\u00edlia. Ele&nbsp; saiu do Piau\u00ed quando os sobrinhos n\u00e3o eram nem nascidos. H\u00e1 um m\u00eas, botaram na internet a foto e eles reconheceram. Pediram para algu\u00e9m da fam\u00edlia ir buscar, porque ele estava desprezado e com problemas de sa\u00fade. Eles se comoveram, porque s\u00e3o sobrinhos, e resolveram ir buscar&#8221;, disse L\u00facia ao cidadeverde.com.<\/p>\n\n\n\n<p>Bastante abalada, a esposa de Jos\u00e9 Le\u00f4ncio afirmou que os familiares n\u00e3o mantinham contato com o idoso h\u00e1 mais de 50 anos. Ela diz que os dois irm\u00e3os conheceram pessoalmente o tio durante a viagem.&nbsp;<\/p>\n\n\n\n<p>O acidente aconteceu quando tio e sobrinhos retornavam do estado do Par\u00e1 e estavam distantes pouco mais de 100 Km de Jaic\u00f3s, ap\u00f3s percorrerem mais de 1000 quil\u00f4metros de estrada.&nbsp;<\/p>\n\n\n\n<p>Na manh\u00e3 desta quarta-feira(16), familiares das v\u00edtimas estiveram na Delegacia de Oeiras para providenciar a libera\u00e7\u00e3o dos corpos.&nbsp;<\/p>\n\n\n\n<p>Jos\u00e9 Alexandre Veloso, de 50 anos, \u00fanico sobrevivente do acidente segue internado na Unidade de Pronto Atendimento de Oeiras, mas n\u00e3o corre risco de morte, segundo a assessoria de comunica\u00e7\u00e3o da unidade.<\/p>\n\n\n\n<p><br><strong>Fonte: Natanael Souza\/ Cidade Verde <\/strong><\/p>\n","protected":false},"excerpt":{"rendered":"<p>Jos\u00e9 Le\u00f4ncio,&nbsp;Balbino Jos\u00e9 Filho e&nbsp;Bernardino Veloso &#8211; Mortos no acidente Uma hist\u00f3ria comovente que terminou em trag\u00e9dia. Os tr\u00eas mortos no&nbsp;acidente envolvendo um carro de passeio e uma carreta,&nbsp;na BR-230, em Oeiras, eram da mesma fam\u00edlia e retornavam de viagem do estado do Par\u00e1.&nbsp; Os irm\u00e3os Jos\u00e9 Le\u00f4ncio Veloso, de 52 anos, e Jos\u00e9 Alexandre [&hellip;]<\/p>\n","protected":false},"author":1,"featured_media":13486,"comment_status":"open","ping_status":"open","sticky":false,"template":"","format":"standard","meta":{"beyondwords_generate_audio":"","beyondwords_project_id":"","beyondwords_podcast_id":"","beyondwords_hash":"","beyondwords_error_message":"","beyondwords_disabled":"","publish_post_to_speechkit":"","speechkit_generate_audio":"","speechkit_project_id":"","speechkit_podcast_id":"","speechkit_hash":"","speechkit_error_message":"","speechkit_disabled":"","speechkit_access_key":"","speechkit_error":"","speechkit_info":"","speechkit_response":"","speechkit_retries":"","_speechkit_link":"","_speechkit_text":""},"categories":[51],"tags":[277,176,82,5399,46,108,5400,5401,653,1266,5402,1359,5403],"jetpack_featured_media_url":"","_links":{"self":[{"href":"https:\/\/pinews.com.br\/index.php\/wp-json\/wp\/v2\/posts\/13485"}],"collection":[{"href":"https:\/\/pinews.com.br\/index.php\/wp-json\/wp\/v2\/posts"}],"about":[{"href":"https:\/\/pinews.com.br\/index.php\/wp-json\/wp\/v2\/types\/post"}],"author":[{"embeddable":true,"href":"https:\/\/pinews.com.br\/index.php\/wp-json\/wp\/v2\/users\/1"}],"replies":[{"embeddable":true,"href":"https:\/\/pinews.com.br\/index.php\/wp-json\/wp\/v2\/comments?post=13485"}],"version-history":[{"count":0,"href":"https:\/\/pinews.com.br\/index.php\/wp-json\/wp\/v2\/posts\/13485\/revisions"}],"wp:featuredmedia":[{"embeddable":true,"href":"https:\/\/pinews.com.br\/index.php\/wp-json\/"}],"wp:attachment":[{"href":"https:\/\/pinews.com.br\/index.php\/wp-json\/wp\/v2\/media?parent=13485"}],"wp:term":[{"taxonomy":"category","embeddable":true,"href":"https:\/\/pinews.com.br\/index.php\/wp-json\/wp\/v2\/categories?post=13485"},{"taxonomy":"post_tag","embeddable":true,"href":"https:\/\/pinews.com.br\/index.php\/wp-json\/wp\/v2\/tags?post=13485"}],"curies":[{"name":"wp","href":"https:\/\/api.w.org\/{rel}","templated":true}]}}