{"id":13502,"date":"2020-09-17T11:33:11","date_gmt":"2020-09-17T14:33:11","guid":{"rendered":"https:\/\/pinews.com.br\/?p=13502"},"modified":"2020-09-17T11:33:11","modified_gmt":"2020-09-17T14:33:11","slug":"bolsonaro-volta-a-estimular-o-programa-renda-brasil-no-congresso","status":"publish","type":"post","link":"https:\/\/pinews.com.br\/index.php\/2020\/09\/17\/bolsonaro-volta-a-estimular-o-programa-renda-brasil-no-congresso\/","title":{"rendered":"Bolsonaro volta a estimular o programa Renda Brasil no Congresso"},"content":{"rendered":"\n<p>N\u00e3o durou nem 24 horas o fim do Renda Brasil decretado pelo presidente Jair Bolsonaro. O relator do Or\u00e7amento de 2021, senador Marcio Bittar (MDB-AC), recebeu cart\u00e3o verde do pr\u00f3prio presidente para a retomada das discuss\u00f5es sobre um novo programa social p\u00f3s-pandemia, com a inclus\u00e3o da proposta no Or\u00e7amento. A ideia \u00e9 que o programa ressurja pelo Congresso, como antecipou na quarta-feira, 16, reportagem do Estad\u00e3o.<\/p>\n\n\n\n<p>O acerto foi feito pela manh\u00e3 e, \u00e0 tarde, Bittar j\u00e1 estava em reuni\u00f5es com o ministro da Economia, Paulo Guedes, para discutir as poss\u00edveis fontes de financiamento do programa \u2013 justamente o motivo que levou o presidente a afirmar, na v\u00e9spera, que estava proibido falar no Renda Brasil at\u00e9 o final de 2022.<\/p>\n\n\n\n<p>A mudan\u00e7a de rumo vem depois de o Renda Brasil ter sido sepultado num primeiro momento por Bolsonaro, que ficou insatisfeito com repetidos an\u00fancios de a\u00e7\u00f5es em estudo feitos pela equipe econ\u00f4mica sem que houvesse j\u00e1 o acerto pol\u00edtico daquela medida. O estopim foi a ideia do time de Guedes de n\u00e3o dar reajuste aos benef\u00edcios da Previd\u00eancia (aposentadorias, pens\u00f5es, aux\u00edlios doen\u00e7a e sal\u00e1rios-fam\u00edlia) por dois anos.<\/p>\n\n\n\n<p>O movimento do presidente foi visto com preocupa\u00e7\u00e3o por parlamentares, com o risco de o \u00f4nus de medidas duras ficar na conta do Congresso e o b\u00f4nus, com o presidente. O governo tamb\u00e9m n\u00e3o quis deixar um v\u00e1cuo aberto para os congressistas, que j\u00e1 t\u00eam projetos para refor\u00e7ar o Bolsa Fam\u00edlia.<\/p>\n\n\n\n<p>Bittar adotou estrat\u00e9gia inversa \u00e0 que vinha sendo usada pela equipe econ\u00f4mica e lideran\u00e7as do Congresso e evitou antecipar valores e de onde sairiam os recursos para viabilizar a nova tentativa de tirar o programa do papel. \u201cPara evitar informa\u00e7\u00f5es desencontradas, que vazam, em que pese terem l\u00f3gica mas acabam sendo abortadas, pe\u00e7o desculpas mas n\u00e3o vou fazer nenhum tipo de especula\u00e7\u00e3o enquanto ela (proposta) n\u00e3o estiver pronta\u201d, disse Bittar, que \u00e9 relator tamb\u00e9m da PEC do Pacto Federativo, que inclui medidas de ajuste nas contas p\u00fablicas.<\/p>\n\n\n\n<p>O senador prometeu at\u00e9 a pr\u00f3xima ter\u00e7a-feira a apresenta\u00e7\u00e3o de uma proposta para o novo programa, que pode ser criado ainda sem uma previs\u00e3o inicial de recursos. A ideia \u00e9 garantir sua exist\u00eancia e a rubrica or\u00e7ament\u00e1ria necess\u00e1ria para destinar os valores, deixando a discuss\u00e3o de revis\u00f5es em outras despesas para mais adiante.<\/p>\n\n\n\n<p>Segundo Bittar, at\u00e9 l\u00e1 a ideia \u00e9 manter a discuss\u00e3o \u201cdentro do governo e dentro do Congresso\u201d. \u201c\u00c9 coisa que a esquerda sabe fazer desde crian\u00e7a. Primeiro discute, faz assembleia, reuni\u00e3o interna, bem disciplinadamente, bem hierarquizadamente, e a\u00ed apresenta a ideia.\u201d<\/p>\n\n\n\n<p><strong>Sacrif\u00edcios<\/strong><\/p>\n\n\n\n<p>Indicado para a presid\u00eancia da Comiss\u00e3o Mista de Or\u00e7amento, o deputado Elmar Nascimento (DEM-BA) disse que o novo programa n\u00e3o pode ser feito com \u201csacrif\u00edcio de uns, enquanto outros passam inc\u00f3lumes\u201d. Segundo ele, o relator ter\u00e1 ter\u00e1 de apontar a fonte de financiamento com corte de gastos e transpar\u00eancia. \u201cQuero saber de onde o governo vai tirar para dar R$ 300 (valor atual do aux\u00edlio emergencial). Sei que nessa quest\u00e3o vamos ter muita dificuldade\u201d, afirmou. Para ele, \u00e9 preciso evitar qualquer expectativa de que o governo vai elevar despesas sem uma nova fonte de recursos.<\/p>\n\n\n\n<p>Governo e relator esperam abrir espa\u00e7o no Or\u00e7amento com a PEC do Pacto Federativo, que prev\u00ea uma s\u00e9rie de medidas de ajuste, principalmente para conter gastos com o funcionalismo. Bittar refor\u00e7ou que a medida pode abrir um espa\u00e7o de R$ 20 bilh\u00f5es a R$ 30 bilh\u00f5es no Or\u00e7amento, no per\u00edodo de dez anos. Ele tamb\u00e9m confirmou que em seu relat\u00f3rio trar\u00e1 sugest\u00f5es para reduzir gastos com as C\u00e2maras municipais. A maior parte das medidas \u00e9 voltada para os gastos de pessoal e deve trazer economia de R$ 3,6 bilh\u00f5es com cortes nas C\u00e2maras municipais.<\/p>\n\n\n\n<p><strong>Fonte: Estad\u00e3o Conte\u00fado<\/strong><\/p>\n","protected":false},"excerpt":{"rendered":"<p>N\u00e3o durou nem 24 horas o fim do Renda Brasil decretado pelo presidente Jair Bolsonaro. O relator do Or\u00e7amento de 2021, senador Marcio Bittar (MDB-AC), recebeu cart\u00e3o verde do pr\u00f3prio presidente para a retomada das discuss\u00f5es sobre um novo programa social p\u00f3s-pandemia, com a inclus\u00e3o da proposta no Or\u00e7amento. A ideia \u00e9 que o programa [&hellip;]<\/p>\n","protected":false},"author":1,"featured_media":13503,"comment_status":"open","ping_status":"open","sticky":false,"template":"","format":"standard","meta":{"beyondwords_generate_audio":"","beyondwords_project_id":"","beyondwords_podcast_id":"","beyondwords_hash":"","beyondwords_error_message":"","beyondwords_disabled":"","publish_post_to_speechkit":"","speechkit_generate_audio":"","speechkit_project_id":"","speechkit_podcast_id":"","speechkit_hash":"","speechkit_error_message":"","speechkit_disabled":"","speechkit_access_key":"","speechkit_error":"","speechkit_info":"","speechkit_response":"","speechkit_retries":"","_speechkit_link":"","_speechkit_text":""},"categories":[134],"tags":[1202,1093,1416,5409,5410,1031,3342],"jetpack_featured_media_url":"","_links":{"self":[{"href":"https:\/\/pinews.com.br\/index.php\/wp-json\/wp\/v2\/posts\/13502"}],"collection":[{"href":"https:\/\/pinews.com.br\/index.php\/wp-json\/wp\/v2\/posts"}],"about":[{"href":"https:\/\/pinews.com.br\/index.php\/wp-json\/wp\/v2\/types\/post"}],"author":[{"embeddable":true,"href":"https:\/\/pinews.com.br\/index.php\/wp-json\/wp\/v2\/users\/1"}],"replies":[{"embeddable":true,"href":"https:\/\/pinews.com.br\/index.php\/wp-json\/wp\/v2\/comments?post=13502"}],"version-history":[{"count":0,"href":"https:\/\/pinews.com.br\/index.php\/wp-json\/wp\/v2\/posts\/13502\/revisions"}],"wp:featuredmedia":[{"embeddable":true,"href":"https:\/\/pinews.com.br\/index.php\/wp-json\/"}],"wp:attachment":[{"href":"https:\/\/pinews.com.br\/index.php\/wp-json\/wp\/v2\/media?parent=13502"}],"wp:term":[{"taxonomy":"category","embeddable":true,"href":"https:\/\/pinews.com.br\/index.php\/wp-json\/wp\/v2\/categories?post=13502"},{"taxonomy":"post_tag","embeddable":true,"href":"https:\/\/pinews.com.br\/index.php\/wp-json\/wp\/v2\/tags?post=13502"}],"curies":[{"name":"wp","href":"https:\/\/api.w.org\/{rel}","templated":true}]}}