{"id":13651,"date":"2020-09-20T17:57:31","date_gmt":"2020-09-20T20:57:31","guid":{"rendered":"https:\/\/pinews.com.br\/?p=13651"},"modified":"2020-09-20T17:57:31","modified_gmt":"2020-09-20T20:57:31","slug":"pm-do-piaui-e-esposa-sao-assassinados-ao-retornar-de-mercado-em-timon","status":"publish","type":"post","link":"https:\/\/pinews.com.br\/index.php\/2020\/09\/20\/pm-do-piaui-e-esposa-sao-assassinados-ao-retornar-de-mercado-em-timon\/","title":{"rendered":"PM do Piau\u00ed e esposa s\u00e3o assassinados ao retornar de mercado em Timon"},"content":{"rendered":"\n<p>Um casal de idosos foi assassinado no in\u00edcio da manh\u00e3 deste domingo(20) no bairro Parque Alvorada, em Timon-Ma. Entre as v\u00edtimas o sargento da reserva do Piau\u00ed, Francisco de Assis da Soledade e sua esposa Maria Ant\u00f4nio Vilar da Soledade.&nbsp;<\/p>\n\n\n\n<p>O casal retornava do mercado por volta das 6h30 e chegavam em casa quando foram abordados pelo assaltante, ainda na porta de casa. Informa\u00e7\u00f5es preliminares d\u00e3o conta de que ele percebeu que a v\u00edtima estava armada.<\/p>\n\n\n\n<p>Segundo a capit\u00e3 Tyciane Ibiapina, do 11\u00ba Batalh\u00e3o da PM em Timon, ainda n\u00e3o se sabe as circunst\u00e2ncias do crime. Apenas que a arma do policial foi levada.&nbsp;<\/p>\n\n\n\n<p>\u201cEles chegavam do mercao quando foram abordados. Ainda n\u00e3o sabemos quem foi o autor, as informa\u00e7\u00f5es s\u00e3o preliminares de um ou dois envolvidos no crime. Mas estamos fazendo dilig\u00eancias juntamente com a pol\u00edcia militar do Piau\u00ed e a pol\u00edcia civil\u201d, afirma a oficial informando que o setor de intelig\u00eancia tamb\u00e9m est\u00e1 no caso.<\/p>\n\n\n\n<p>O Instituto M\u00e9dico Legal (IML) e a per\u00edcia criminal tamb\u00e9m estiveram no local do crime. O duplo latroc\u00ednio ser\u00e1 investigado pela Delegacia de Homic\u00eddios de Timon.&nbsp;<\/p>\n\n\n\n<p><strong>Fonte: Caroline Oliveira\/ Cidade Verde <\/strong><\/p>\n","protected":false},"excerpt":{"rendered":"<p>Um casal de idosos foi assassinado no in\u00edcio da manh\u00e3 deste domingo(20) no bairro Parque Alvorada, em Timon-Ma. Entre as v\u00edtimas o sargento da reserva do Piau\u00ed, Francisco de Assis da Soledade e sua esposa Maria Ant\u00f4nio Vilar da Soledade.&nbsp; O casal retornava do mercado por volta das 6h30 e chegavam em casa quando foram [&hellip;]<\/p>\n","protected":false},"author":1,"featured_media":13652,"comment_status":"open","ping_status":"open","sticky":false,"template":"","format":"standard","meta":{"beyondwords_generate_audio":"","beyondwords_project_id":"","beyondwords_podcast_id":"","beyondwords_hash":"","beyondwords_error_message":"","beyondwords_disabled":"","publish_post_to_speechkit":"","speechkit_generate_audio":"","speechkit_project_id":"","speechkit_podcast_id":"","speechkit_hash":"","speechkit_error_message":"","speechkit_disabled":"","speechkit_access_key":"","speechkit_error":"","speechkit_info":"","speechkit_response":"","speechkit_retries":"","_speechkit_link":"","_speechkit_text":""},"categories":[134,51,78],"tags":[132,586,44,46,388,2482,52,313,5505,362,2127],"jetpack_featured_media_url":"","_links":{"self":[{"href":"https:\/\/pinews.com.br\/index.php\/wp-json\/wp\/v2\/posts\/13651"}],"collection":[{"href":"https:\/\/pinews.com.br\/index.php\/wp-json\/wp\/v2\/posts"}],"about":[{"href":"https:\/\/pinews.com.br\/index.php\/wp-json\/wp\/v2\/types\/post"}],"author":[{"embeddable":true,"href":"https:\/\/pinews.com.br\/index.php\/wp-json\/wp\/v2\/users\/1"}],"replies":[{"embeddable":true,"href":"https:\/\/pinews.com.br\/index.php\/wp-json\/wp\/v2\/comments?post=13651"}],"version-history":[{"count":0,"href":"https:\/\/pinews.com.br\/index.php\/wp-json\/wp\/v2\/posts\/13651\/revisions"}],"wp:featuredmedia":[{"embeddable":true,"href":"https:\/\/pinews.com.br\/index.php\/wp-json\/"}],"wp:attachment":[{"href":"https:\/\/pinews.com.br\/index.php\/wp-json\/wp\/v2\/media?parent=13651"}],"wp:term":[{"taxonomy":"category","embeddable":true,"href":"https:\/\/pinews.com.br\/index.php\/wp-json\/wp\/v2\/categories?post=13651"},{"taxonomy":"post_tag","embeddable":true,"href":"https:\/\/pinews.com.br\/index.php\/wp-json\/wp\/v2\/tags?post=13651"}],"curies":[{"name":"wp","href":"https:\/\/api.w.org\/{rel}","templated":true}]}}