{"id":13663,"date":"2020-09-20T18:12:46","date_gmt":"2020-09-20T21:12:46","guid":{"rendered":"https:\/\/pinews.com.br\/?p=13663"},"modified":"2020-09-20T18:12:46","modified_gmt":"2020-09-20T21:12:46","slug":"homem-natural-de-fronteiras-morre-de-cirrose-no-hospital-regional-de-picos","status":"publish","type":"post","link":"https:\/\/pinews.com.br\/index.php\/2020\/09\/20\/homem-natural-de-fronteiras-morre-de-cirrose-no-hospital-regional-de-picos\/","title":{"rendered":"Homem natural de Fronteiras morre de cirrose no Hospital Regional de Picos"},"content":{"rendered":"\n<p>Na manh\u00e3 deste domingo, 20 de setembro, faleceu o fronteirense Sidcley Bezerra Barbosa de 39 anos. Segundo informa\u00e7\u00f5es, a causa da morte foi por complica\u00e7\u00f5es provocadas por uma cirrose.<\/p>\n\n\n\n<p>Sidcley deu entrada no Hospital Municipal Norberto \u00c2ngelo Pereira em Fronteiras,&nbsp; precisando ser transferido&nbsp; para o Hospital Justino Luz na cidade de Picos, onde foi submetido a exames complementares sendo entubado em seguida. N\u00e3o resistindo a gravidade de seu quadro cl\u00ednico, o mesmo veio a \u00f3bito.<\/p>\n\n\n\n<p>Pai de 2 filhos, Sidcley era filho do Casal Ol\u00edvia (in memoriam) e J\u00fanior Barbosa(in memoriam) e deixa 3 irm\u00e3os (Sidelv\u00e2nia, Sidiane e Sidney).<\/p>\n\n\n\n<p>O corpo est\u00e1 sendo velado na resid\u00eancia de sua irm\u00e3 Sidelv\u00e2nia, localizada na Rua Projetada no Bairro Alto em frente ao Hospital Municipal Norberto \u00c2ngelo Pereira, com previs\u00e3o de sepultamento para esta segunda-feira (21\/09).<\/p>\n\n\n\n<p><strong>Fonte: Portal Lagoa do Rato<\/strong><\/p>\n","protected":false},"excerpt":{"rendered":"<p>Na manh\u00e3 deste domingo, 20 de setembro, faleceu o fronteirense Sidcley Bezerra Barbosa de 39 anos. Segundo informa\u00e7\u00f5es, a causa da morte foi por complica\u00e7\u00f5es provocadas por uma cirrose. Sidcley deu entrada no Hospital Municipal Norberto \u00c2ngelo Pereira em Fronteiras,&nbsp; precisando ser transferido&nbsp; para o Hospital Justino Luz na cidade de Picos, onde foi submetido [&hellip;]<\/p>\n","protected":false},"author":1,"featured_media":13664,"comment_status":"open","ping_status":"open","sticky":false,"template":"","format":"standard","meta":{"beyondwords_generate_audio":"","beyondwords_project_id":"","beyondwords_podcast_id":"","beyondwords_hash":"","beyondwords_error_message":"","beyondwords_disabled":"","publish_post_to_speechkit":"","speechkit_generate_audio":"","speechkit_project_id":"","speechkit_podcast_id":"","speechkit_hash":"","speechkit_error_message":"","speechkit_disabled":"","speechkit_access_key":"","speechkit_error":"","speechkit_info":"","speechkit_response":"","speechkit_retries":"","_speechkit_link":"","_speechkit_text":""},"categories":[124,51,126],"tags":[5515,44,184,84,339,119,482,125,5516],"jetpack_featured_media_url":"","_links":{"self":[{"href":"https:\/\/pinews.com.br\/index.php\/wp-json\/wp\/v2\/posts\/13663"}],"collection":[{"href":"https:\/\/pinews.com.br\/index.php\/wp-json\/wp\/v2\/posts"}],"about":[{"href":"https:\/\/pinews.com.br\/index.php\/wp-json\/wp\/v2\/types\/post"}],"author":[{"embeddable":true,"href":"https:\/\/pinews.com.br\/index.php\/wp-json\/wp\/v2\/users\/1"}],"replies":[{"embeddable":true,"href":"https:\/\/pinews.com.br\/index.php\/wp-json\/wp\/v2\/comments?post=13663"}],"version-history":[{"count":0,"href":"https:\/\/pinews.com.br\/index.php\/wp-json\/wp\/v2\/posts\/13663\/revisions"}],"wp:featuredmedia":[{"embeddable":true,"href":"https:\/\/pinews.com.br\/index.php\/wp-json\/"}],"wp:attachment":[{"href":"https:\/\/pinews.com.br\/index.php\/wp-json\/wp\/v2\/media?parent=13663"}],"wp:term":[{"taxonomy":"category","embeddable":true,"href":"https:\/\/pinews.com.br\/index.php\/wp-json\/wp\/v2\/categories?post=13663"},{"taxonomy":"post_tag","embeddable":true,"href":"https:\/\/pinews.com.br\/index.php\/wp-json\/wp\/v2\/tags?post=13663"}],"curies":[{"name":"wp","href":"https:\/\/api.w.org\/{rel}","templated":true}]}}