{"id":13682,"date":"2020-09-21T09:33:28","date_gmt":"2020-09-21T12:33:28","guid":{"rendered":"https:\/\/pinews.com.br\/?p=13682"},"modified":"2020-09-21T09:33:28","modified_gmt":"2020-09-21T12:33:28","slug":"estudante-piauiense-e-selecionado-para-participar-do-programa-parlamento-jovem","status":"publish","type":"post","link":"https:\/\/pinews.com.br\/index.php\/2020\/09\/21\/estudante-piauiense-e-selecionado-para-participar-do-programa-parlamento-jovem\/","title":{"rendered":"Estudante piauiense \u00e9 selecionado para participar do Programa Parlamento Jovem"},"content":{"rendered":"\n<p>O estudante de 17 anos, Haziel de Oliveira Soares, do 3\u00b0 ano do Ensino M\u00e9dio do CETI Jo\u00e3o Henrique de Almeida foi um dos dois estudantes do Piau\u00ed selecionados&nbsp; para participar do Parlamento Jovem Brasileiro 2020, um programa desenvolvido pela C\u00e2mara dos Deputados do Brasil, que tem como objetivo aumentar o engajamento dos estudantes nos processos democr\u00e1ticos atrav\u00e9s da participa\u00e7\u00e3o de uma simula\u00e7\u00e3o das atividades da C\u00e2mara dos Deputados.<\/p>\n\n\n\n<p>Haziel acompanhar\u00e1 a jornada de simula\u00e7\u00e3o parlamentar em Bras\u00edlia (DF), prevista para ocorrer de 11 a 14 de maio de 2021, onde os estudantes vivenciar\u00e3o o trabalho dos deputados federais.<\/p>\n\n\n\n<p>Para participar do PJB, os estudantes do ensino m\u00e9dio precisaram elaborar um projeto de lei, sugerindo poss\u00edveis alternativas a problemas vivenciados por sua comunidade. O processo de sele\u00e7\u00e3o \u00e9 realizado pelas Secretarias de Educa\u00e7\u00e3o de cada estado e pela C\u00e2mara dos Deputados. No total, 78 alunos foram selecionados para a jornada.<\/p>\n\n\n\n<p>Haziel foi escolhido para representar o Piaui com um projeto de lei que trata da necessidade de incentivo \u00e0 ci\u00eancia em escolas p\u00fablicas de Ensino M\u00e9dio.<br>O estudante diz que, para o processo seletivo, o aluno deve escolher uma entre tr\u00eas preposi\u00e7\u00f5es legislativas: Projeto de Lei, Proposta de Emenda \u00e0 Constitui\u00e7\u00e3o e Projeto de Lei Complementar. O texto, segundo ele, deve ser original e tamb\u00e9m relevante dentro da t\u00e9cnica legislativa.<\/p>\n\n\n\n<p>Haziel conta que a ideia surgiu a partir da viv\u00eancia em escola p\u00fablica. \u201cEu sempre estudei em escola p\u00fablica e, a partir dessa experi\u00eancia, eu percebi que o incentivo \u00e0 ci\u00eancia \u00e9 geralmente baseado apenas no conhecimento te\u00f3rico adquirido durante as aulas. Diante disso, eu pensei nesse projeto como uma solu\u00e7\u00e3o para esse problema. Ent\u00e3o o objetivo \u00e9 introduzir conhecimentos pr\u00e1ticos cient\u00edficos na grade curricular de escolas p\u00fablicas de Ensino M\u00e9dio, atrav\u00e9s da realiza\u00e7\u00e3o de feiras cient\u00edficas anuais e ofertas de bolsas de estudos para cursos de curta dura\u00e7\u00e3o\u201d, afirma o aluno.<\/p>\n\n\n\n<p>O trabalho foi orientado pela professora de L\u00edngua Portuguesa, Ana Maria. Para desenvolver o projeto foram realizados encontros semanais durante dois meses.<\/p>\n\n\n\n<p>A diretora do CETI Jo\u00e3o Henrique, Djanira Alencar,&nbsp; destaca que a experi\u00eancia da escrita do projeto \u00e9 importante, pois incentiva o protagonismo dos estudantes. \u201cA elabora\u00e7\u00e3o do texto faz com que eles se atentem \u00e0 realidade em que vivem. A preocupa\u00e7\u00e3o com a aplicabilidade da lei tamb\u00e9m \u00e9 indispens\u00e1vel, fomentando neles os valores democr\u00e1ticos e a necessidade do debate perante a sociedade\u201d, afirma.<\/p>\n\n\n\n<p>Com a experi\u00eancia do PJB, Haziel espera contribuir para a participa\u00e7\u00e3o dos jovens na pol\u00edtica. \u201cQuero entender como funciona o parlamento. Creio que essa seja a melhor forma de melhorar o poder legislativo, contribuir para o debate pol\u00edtico e, por consequ\u00eancia, mudar nossa sociedade\u201d, finalizou.<\/p>\n\n\n\n<p><strong>Fonte: Cidade Verde <\/strong><\/p>\n","protected":false},"excerpt":{"rendered":"<p>O estudante de 17 anos, Haziel de Oliveira Soares, do 3\u00b0 ano do Ensino M\u00e9dio do CETI Jo\u00e3o Henrique de Almeida foi um dos dois estudantes do Piau\u00ed selecionados&nbsp; para participar do Parlamento Jovem Brasileiro 2020, um programa desenvolvido pela C\u00e2mara dos Deputados do Brasil, que tem como objetivo aumentar o engajamento dos estudantes nos [&hellip;]<\/p>\n","protected":false},"author":1,"featured_media":13683,"comment_status":"open","ping_status":"open","sticky":false,"template":"","format":"standard","meta":{"beyondwords_generate_audio":"","beyondwords_project_id":"","beyondwords_podcast_id":"","beyondwords_hash":"","beyondwords_error_message":"","beyondwords_disabled":"","publish_post_to_speechkit":"","speechkit_generate_audio":"","speechkit_project_id":"","speechkit_podcast_id":"","speechkit_hash":"","speechkit_error_message":"","speechkit_disabled":"","speechkit_access_key":"","speechkit_error":"","speechkit_info":"","speechkit_response":"","speechkit_retries":"","_speechkit_link":"","_speechkit_text":""},"categories":[394,134,51],"tags":[72,529,266,350,5532,5533,511,5410,5534],"jetpack_featured_media_url":"","_links":{"self":[{"href":"https:\/\/pinews.com.br\/index.php\/wp-json\/wp\/v2\/posts\/13682"}],"collection":[{"href":"https:\/\/pinews.com.br\/index.php\/wp-json\/wp\/v2\/posts"}],"about":[{"href":"https:\/\/pinews.com.br\/index.php\/wp-json\/wp\/v2\/types\/post"}],"author":[{"embeddable":true,"href":"https:\/\/pinews.com.br\/index.php\/wp-json\/wp\/v2\/users\/1"}],"replies":[{"embeddable":true,"href":"https:\/\/pinews.com.br\/index.php\/wp-json\/wp\/v2\/comments?post=13682"}],"version-history":[{"count":0,"href":"https:\/\/pinews.com.br\/index.php\/wp-json\/wp\/v2\/posts\/13682\/revisions"}],"wp:featuredmedia":[{"embeddable":true,"href":"https:\/\/pinews.com.br\/index.php\/wp-json\/"}],"wp:attachment":[{"href":"https:\/\/pinews.com.br\/index.php\/wp-json\/wp\/v2\/media?parent=13682"}],"wp:term":[{"taxonomy":"category","embeddable":true,"href":"https:\/\/pinews.com.br\/index.php\/wp-json\/wp\/v2\/categories?post=13682"},{"taxonomy":"post_tag","embeddable":true,"href":"https:\/\/pinews.com.br\/index.php\/wp-json\/wp\/v2\/tags?post=13682"}],"curies":[{"name":"wp","href":"https:\/\/api.w.org\/{rel}","templated":true}]}}