{"id":13688,"date":"2020-09-21T09:45:19","date_gmt":"2020-09-21T12:45:19","guid":{"rendered":"https:\/\/pinews.com.br\/?p=13688"},"modified":"2020-09-21T09:45:19","modified_gmt":"2020-09-21T12:45:19","slug":"carro-capota-apos-colisao-em-avenida-e-tres-pessoas-ficam-feridas-no-piaui","status":"publish","type":"post","link":"https:\/\/pinews.com.br\/index.php\/2020\/09\/21\/carro-capota-apos-colisao-em-avenida-e-tres-pessoas-ficam-feridas-no-piaui\/","title":{"rendered":"Carro capota ap\u00f3s colis\u00e3o em avenida e tr\u00eas pessoas ficam feridas no Piau\u00ed"},"content":{"rendered":"\n<p>Tr\u00eas pessoas ficaram feridas ap\u00f3s uma colis\u00e3o entre dois ve\u00edculos em uma rotat\u00f3ria da Avenida Raul Lopes, Zona Leste de Teresina, na manh\u00e3 desta segunda-feira (21).<\/p>\n\n\n\n<p>Dois carros colidiram na rotat\u00f3ria que fica pr\u00f3xima \u00e0 Ponte Juscelino Kubitschek, que liga a Zona Leste ao Centro da capital.<\/p>\n\n\n\n<figure class=\"wp-block-image\"><img decoding=\"async\" src=\"https:\/\/s2.glbimg.com\/3NS864Mlc7HaJZjK_wfSrJwA-7g=\/0x0:1152x864\/984x0\/smart\/filters:strip_icc()\/i.s3.glbimg.com\/v1\/AUTH_59edd422c0c84a879bd37670ae4f538a\/internal_photos\/bs\/2020\/N\/g\/AIAOTUREKFTFbgJEIznQ\/colisao1.jpg\" alt=\"Carro capota ap\u00f3s colis\u00e3o na Avenida Raul Lopes e tr\u00eas pessoas ficam feridas  \u2014 Foto: Francisco Lima\/TV Clube\"\/><figcaption>Carro capota ap\u00f3s colis\u00e3o na Avenida Raul Lopes e tr\u00eas pessoas ficam feridas \u2014 Foto: Francisco Lima\/TV Clube<\/figcaption><\/figure>\n\n\n\n<p>Segundo o filho de uma das passageiras que ficou ferida, o ve\u00edculo que capotou seguia no sentido Norte-Centro e entrou no bal\u00e3o, quando o outro carro, que seguia no sentido Centro-Leste acabou invadindo a preferencial.<\/p>\n\n\n\n<figure class=\"wp-block-image\"><img decoding=\"async\" src=\"https:\/\/s2.glbimg.com\/8I71nZhPdy2Z-WFebII4rNCFC7w=\/0x0:1152x864\/984x0\/smart\/filters:strip_icc()\/i.s3.glbimg.com\/v1\/AUTH_59edd422c0c84a879bd37670ae4f538a\/internal_photos\/bs\/2020\/W\/A\/oCyXQ6RUCpD12hecfBLQ\/colisao2.jpg\" alt=\"Carro teria invadido a preferencial, atingido o outro ve\u00edculo, que capotou. \u2014 Foto: Francisco Lima\/TV Clube\"\/><figcaption>Carro teria invadido a preferencial, atingido o outro ve\u00edculo, que capotou. \u2014 Foto: Francisco Lima\/TV Clube<\/figcaption><\/figure>\n\n\n\n<p>O ve\u00edculo atingiu o outro, que acabou capotando. No carro que virou, havia quatro pessoas e duas ficaram feridas, sendo levadas ao hospital pelo Samu. No outro carro, havia tr\u00eas pessoas, uma delas foi socorrida pelos bombeiros.<\/p>\n\n\n\n<figure class=\"wp-block-image\"><img decoding=\"async\" src=\"https:\/\/s2.glbimg.com\/cK8i5ByNAd6uhMhdDD5rN-FhS_w=\/0x0:1152x864\/984x0\/smart\/filters:strip_icc()\/i.s3.glbimg.com\/v1\/AUTH_59edd422c0c84a879bd37670ae4f538a\/internal_photos\/bs\/2020\/B\/I\/sirD2zQROcBiMlzRArYg\/colisao3.jpg\" alt=\"Ve\u00edculo capotou ap\u00f3s colis\u00e3o. Houve apenas ferimentos leves entre os passageiros. \u2014 Foto: Francisco Lima\/TV Clube\"\/><figcaption>Ve\u00edculo capotou ap\u00f3s colis\u00e3o. Houve apenas ferimentos leves entre os passageiros. \u2014 Foto: Francisco Lima\/TV Clube<\/figcaption><\/figure>\n\n\n\n<p>Contudo, n\u00e3o houve feridos graves. O acidente aconteceu por volta das 7h30. At\u00e9 9h o tr\u00e2nsito no local ainda estava complicado, devido \u00e0 interdi\u00e7\u00e3o parcial da Avenida Raul Lopes.<\/p>\n\n\n\n<figure class=\"wp-block-image\"><img decoding=\"async\" src=\"https:\/\/s2.glbimg.com\/AQt6oK5FreYgD25Hn7SRzJcBr_U=\/0x0:1152x864\/984x0\/smart\/filters:strip_icc()\/i.s3.glbimg.com\/v1\/AUTH_59edd422c0c84a879bd37670ae4f538a\/internal_photos\/bs\/2020\/M\/g\/yJK3ZORTObj5SVKz3ZjQ\/colisao4.jpg\" alt=\"Avenida Raul Lopes ficou parcialmente interditada ap\u00f3s colis\u00e3o no local. \u2014 Foto: Francisco Lima\/TV Clube\"\/><figcaption>Avenida Raul Lopes ficou parcialmente interditada ap\u00f3s colis\u00e3o no local. \u2014 Foto: Francisco Lima\/TV Clube<\/figcaption><\/figure>\n\n\n\n<p><strong>Fonte: G1 PI <\/strong><\/p>\n","protected":false},"excerpt":{"rendered":"<p>Tr\u00eas pessoas ficaram feridas ap\u00f3s uma colis\u00e3o entre dois ve\u00edculos em uma rotat\u00f3ria da Avenida Raul Lopes, Zona Leste de Teresina, na manh\u00e3 desta segunda-feira (21). Dois carros colidiram na rotat\u00f3ria que fica pr\u00f3xima \u00e0 Ponte Juscelino Kubitschek, que liga a Zona Leste ao Centro da capital. Segundo o filho de uma das passageiras que [&hellip;]<\/p>\n","protected":false},"author":1,"featured_media":13689,"comment_status":"open","ping_status":"open","sticky":false,"template":"","format":"standard","meta":{"beyondwords_generate_audio":"","beyondwords_project_id":"","beyondwords_podcast_id":"","beyondwords_hash":"","beyondwords_error_message":"","beyondwords_disabled":"","publish_post_to_speechkit":"","speechkit_generate_audio":"","speechkit_project_id":"","speechkit_podcast_id":"","speechkit_hash":"","speechkit_error_message":"","speechkit_disabled":"","speechkit_access_key":"","speechkit_error":"","speechkit_info":"","speechkit_response":"","speechkit_retries":"","_speechkit_link":"","_speechkit_text":""},"categories":[51,81],"tags":[70,1091,868,62,256,46,257,416,259,52,239],"jetpack_featured_media_url":"","_links":{"self":[{"href":"https:\/\/pinews.com.br\/index.php\/wp-json\/wp\/v2\/posts\/13688"}],"collection":[{"href":"https:\/\/pinews.com.br\/index.php\/wp-json\/wp\/v2\/posts"}],"about":[{"href":"https:\/\/pinews.com.br\/index.php\/wp-json\/wp\/v2\/types\/post"}],"author":[{"embeddable":true,"href":"https:\/\/pinews.com.br\/index.php\/wp-json\/wp\/v2\/users\/1"}],"replies":[{"embeddable":true,"href":"https:\/\/pinews.com.br\/index.php\/wp-json\/wp\/v2\/comments?post=13688"}],"version-history":[{"count":0,"href":"https:\/\/pinews.com.br\/index.php\/wp-json\/wp\/v2\/posts\/13688\/revisions"}],"wp:featuredmedia":[{"embeddable":true,"href":"https:\/\/pinews.com.br\/index.php\/wp-json\/"}],"wp:attachment":[{"href":"https:\/\/pinews.com.br\/index.php\/wp-json\/wp\/v2\/media?parent=13688"}],"wp:term":[{"taxonomy":"category","embeddable":true,"href":"https:\/\/pinews.com.br\/index.php\/wp-json\/wp\/v2\/categories?post=13688"},{"taxonomy":"post_tag","embeddable":true,"href":"https:\/\/pinews.com.br\/index.php\/wp-json\/wp\/v2\/tags?post=13688"}],"curies":[{"name":"wp","href":"https:\/\/api.w.org\/{rel}","templated":true}]}}