{"id":13828,"date":"2020-09-23T10:38:43","date_gmt":"2020-09-23T13:38:43","guid":{"rendered":"https:\/\/pinews.com.br\/?p=13828"},"modified":"2020-09-23T10:38:43","modified_gmt":"2020-09-23T13:38:43","slug":"com-menor-vacinacao-em-20-anos-cresce-risco-de-retorno-de-doencas-diz-presidente-da-sbim","status":"publish","type":"post","link":"https:\/\/pinews.com.br\/index.php\/2020\/09\/23\/com-menor-vacinacao-em-20-anos-cresce-risco-de-retorno-de-doencas-diz-presidente-da-sbim\/","title":{"rendered":"Com menor vacina\u00e7\u00e3o em 20 anos cresce risco de retorno de doen\u00e7as, diz presidente da SBIm"},"content":{"rendered":"\n<p>Dados do Programa Nacional de Imuniza\u00e7\u00f5es (PNI), do Minist\u00e9rio da Sa\u00fade, revelam que o Brasil teve a menor cobertura vacinal em 20 anos. Nos \u00faltimos anos, a ades\u00e3o tem sido cada vez menor e agora atingiu apenas 61% do p\u00fablico-alvo.<\/p>\n\n\n\n<p>Juarez Cunha, presidente da Associa\u00e7\u00e3o Brasileira de Imuniza\u00e7\u00f5es (SBIm), alerta que o risco de retorno de doen\u00e7as eliminadas ou controladas \u00e9 enorme devido a baixa cobertura de vacina\u00e7\u00e3o.<\/p>\n\n\n\n<p>\u201cA exemplo do sarampo que estava eliminado desde 2016, mas voltou em 2018. Com 20 mil casos nos \u00faltimos dois anos e agora com mais de 8 mil casos notificados em 21 estados do pa\u00eds. \u00c9 uma doen\u00e7a facilmente preven\u00edvel por vacina segura, eficaz e gratuita, mas que, infelizmente, nossa cobertura \u00e9 muito baixa. Isso \u00e9 s\u00f3 um exemplo de uma das doen\u00e7as que pode retornar. Temos v\u00e1rias outras eliminadas, outras controladas e nosso receio \u00e9 que o que aconteceu com o sarampo possa acontecer com outras. Em especial agora com o retorno da mobilidade das pessoas e o retorno das aulas que vai impactar mais ainda com situa\u00e7\u00e3o de outros v\u00edrus e bact\u00e9rias\u201d, disse Cunha.<\/p>\n\n\n\n<p>O presidente da SBIm elenca uma s\u00e9rie de fatores que contribuem para a diminui\u00e7\u00e3o do n\u00famero de vacinados ano a ano. Na avalia\u00e7\u00e3o entra ainda a pandemia da Covid-19.<\/p>\n\n\n\n<p>\u201cJ\u00e1 era observado uma queda das coberturas vacinais. O pr\u00f3prio Minist\u00e9rio da Sa\u00fade j\u00e1 fazia um alerta h\u00e1 alguns anos dessas quedas que aconteciam por uma s\u00e9rie de motivos como a falsa de seguran\u00e7a de que doen\u00e7as que n\u00e3o acontecem mais ou s\u00e3o pouco frequentes, os pais n\u00e3o valorizam, acham que n\u00e3o precisam mais vacinar os filhos; o medo de rea\u00e7\u00f5es adversas; a falta de vacina; o hor\u00e1rio de vacina nas unidades de sa\u00fade; o calend\u00e1rio que \u00e9 muito completo, mas muito complexo com quase 20 vacinas. S\u00e3o uma s\u00e9rie de fatores que j\u00e1 estavam dificultando a cobertura e nisso entra tamb\u00e9m a desinforma\u00e7\u00e3o e as fake news que tamb\u00e9m j\u00e1 vinha crescente\u201d, elenca o presidente da SBIm.<\/p>\n\n\n\n<p>O m\u00e9dico ressalta que as vacinas dispon\u00edveis s\u00e3o seguras e refor\u00e7a a import\u00e2ncia de imuniza\u00e7\u00e3o do p\u00fablico-alvo, de acordo com cada vacina, para a sa\u00fade individual e coletiva.<\/p>\n\n\n\n<p>\u201cO importante \u00e9 levar crian\u00e7as e tamb\u00e9m os adultos \u00e0s unidades de sa\u00fade para colocar tudo em dia. Temos uma campanha de multivacina\u00e7\u00e3o do Minist\u00e9rio da Sa\u00fade em outubro que tamb\u00e9m vai ser fundamental que as pessoas participem. Em especial com a possibilidade de retorno das aulas. As crian\u00e7as t\u00eam que ter a vacina\u00e7\u00e3o porque o risco \u00e9 muito maior de contra\u00edrem doen\u00e7as que podem ser evitadas\u201d, disse Juarez Cunha.<\/p>\n\n\n\n<figure class=\"wp-block-embed-youtube wp-block-embed is-type-video is-provider-youtube wp-embed-aspect-16-9 wp-has-aspect-ratio\"><div class=\"wp-block-embed__wrapper\">\n<iframe loading=\"lazy\" title=\"Apenas 61% da cobertura vacinal foi alcan\u00e7ada em 2020\" width=\"1170\" height=\"658\" src=\"https:\/\/www.youtube.com\/embed\/P55b8xfoxyo?feature=oembed\" frameborder=\"0\" allow=\"accelerometer; autoplay; clipboard-write; encrypted-media; gyroscope; picture-in-picture; web-share\" allowfullscreen><\/iframe>\n<\/div><\/figure>\n\n\n\n<p><strong>Fonte: Cidade Verde<\/strong><\/p>\n","protected":false},"excerpt":{"rendered":"<p>Dados do Programa Nacional de Imuniza\u00e7\u00f5es (PNI), do Minist\u00e9rio da Sa\u00fade, revelam que o Brasil teve a menor cobertura vacinal em 20 anos. Nos \u00faltimos anos, a ades\u00e3o tem sido cada vez menor e agora atingiu apenas 61% do p\u00fablico-alvo. Juarez Cunha, presidente da Associa\u00e7\u00e3o Brasileira de Imuniza\u00e7\u00f5es (SBIm), alerta que o risco de retorno [&hellip;]<\/p>\n","protected":false},"author":6,"featured_media":832,"comment_status":"open","ping_status":"open","sticky":false,"template":"","format":"standard","meta":{"beyondwords_generate_audio":"","beyondwords_project_id":"","beyondwords_podcast_id":"","beyondwords_hash":"","beyondwords_error_message":"","beyondwords_disabled":"","publish_post_to_speechkit":"","speechkit_generate_audio":"","speechkit_project_id":"","speechkit_podcast_id":"","speechkit_hash":"","speechkit_error_message":"","speechkit_disabled":"","speechkit_access_key":"","speechkit_error":"","speechkit_info":"","speechkit_response":"","speechkit_retries":"","_speechkit_link":"","_speechkit_text":""},"categories":[134,1288],"tags":[208,82,1800,122,44,683,5612,46,1549,1006,5524,1356,5613,347],"jetpack_featured_media_url":"","_links":{"self":[{"href":"https:\/\/pinews.com.br\/index.php\/wp-json\/wp\/v2\/posts\/13828"}],"collection":[{"href":"https:\/\/pinews.com.br\/index.php\/wp-json\/wp\/v2\/posts"}],"about":[{"href":"https:\/\/pinews.com.br\/index.php\/wp-json\/wp\/v2\/types\/post"}],"author":[{"embeddable":true,"href":"https:\/\/pinews.com.br\/index.php\/wp-json\/wp\/v2\/users\/6"}],"replies":[{"embeddable":true,"href":"https:\/\/pinews.com.br\/index.php\/wp-json\/wp\/v2\/comments?post=13828"}],"version-history":[{"count":0,"href":"https:\/\/pinews.com.br\/index.php\/wp-json\/wp\/v2\/posts\/13828\/revisions"}],"wp:featuredmedia":[{"embeddable":true,"href":"https:\/\/pinews.com.br\/index.php\/wp-json\/"}],"wp:attachment":[{"href":"https:\/\/pinews.com.br\/index.php\/wp-json\/wp\/v2\/media?parent=13828"}],"wp:term":[{"taxonomy":"category","embeddable":true,"href":"https:\/\/pinews.com.br\/index.php\/wp-json\/wp\/v2\/categories?post=13828"},{"taxonomy":"post_tag","embeddable":true,"href":"https:\/\/pinews.com.br\/index.php\/wp-json\/wp\/v2\/tags?post=13828"}],"curies":[{"name":"wp","href":"https:\/\/api.w.org\/{rel}","templated":true}]}}