{"id":13849,"date":"2020-09-23T18:45:20","date_gmt":"2020-09-23T21:45:20","guid":{"rendered":"https:\/\/pinews.com.br\/?p=13849"},"modified":"2020-09-23T18:45:20","modified_gmt":"2020-09-23T21:45:20","slug":"suspeito-de-furto-no-piaui-sobe-no-telhado-e-se-nega-a-descer-por-temer-linchamento-vao-me-matar","status":"publish","type":"post","link":"https:\/\/pinews.com.br\/index.php\/2020\/09\/23\/suspeito-de-furto-no-piaui-sobe-no-telhado-e-se-nega-a-descer-por-temer-linchamento-vao-me-matar\/","title":{"rendered":"Suspeito de furto no Piau\u00ed sobe no telhado e se nega a descer por temer linchamento: \u2018v\u00e3o me matar"},"content":{"rendered":"\n<p>Um suspeito de praticar um furto subiu em um telhado de uma resid\u00eancia na manh\u00e3 desta quarta-feira (23), no bairro Vermelha, Zona Sul de&nbsp;Teresina, por medo de sofrer linchamento. O homem se negou a descer da casa at\u00e9 a chegada da Pol\u00edcia Militar.<\/p>\n\n\n\n<p>O rapaz \u00e9 suspeito de ter furtado uma bateria de um caminh\u00e3o. Algumas pessoas teriam o agredido no meio da rua e, ent\u00e3o, ele decidiu subir no telhado de uma casa. Ao&nbsp;G1, o sargento Jo\u00e3o Santos, do 1\u00b0 Batalh\u00e3o da PM, contou que o suspeito desceu ap\u00f3s os policiais chegarem no local.\u201cA viatura ia passando pelo local quando a popula\u00e7\u00e3o nos informou que havia um homem em cima de uma resid\u00eancia. Ele n\u00e3o queria descer com medo do linchamento. Mas n\u00f3s pedimos e ele desceu\u201d, relatou.<\/p>\n\n\n\n<p>Em um v\u00eddeo gravado por populares, o homem aparece em cima do telhado pedindo para que a PM fosse acionada. \u201cChama pelo amor de Deus que eles v\u00e3o me matar\u201d, disse.<\/p>\n\n\n\n<p>Ap\u00f3s descer da resid\u00eancia, o suspeito admitiu que subtraiu a bateria e mostrou aos PMs em que local estava o produto. Ele foi conduzido para a Central de Flagrantes de Teresina, onde foi autuado em flagrante pelo crime de furto.<\/p>\n\n\n\n<p><strong>Fonte: G1 PI <\/strong><\/p>\n","protected":false},"excerpt":{"rendered":"<p>Um suspeito de praticar um furto subiu em um telhado de uma resid\u00eancia na manh\u00e3 desta quarta-feira (23), no bairro Vermelha, Zona Sul de&nbsp;Teresina, por medo de sofrer linchamento. O homem se negou a descer da casa at\u00e9 a chegada da Pol\u00edcia Militar. O rapaz \u00e9 suspeito de ter furtado uma bateria de um caminh\u00e3o. [&hellip;]<\/p>\n","protected":false},"author":1,"featured_media":13850,"comment_status":"open","ping_status":"open","sticky":false,"template":"","format":"standard","meta":{"beyondwords_generate_audio":"","beyondwords_project_id":"","beyondwords_podcast_id":"","beyondwords_hash":"","beyondwords_error_message":"","beyondwords_disabled":"","publish_post_to_speechkit":"","speechkit_generate_audio":"","speechkit_project_id":"","speechkit_podcast_id":"","speechkit_hash":"","speechkit_error_message":"","speechkit_disabled":"","speechkit_access_key":"","speechkit_error":"","speechkit_info":"","speechkit_response":"","speechkit_retries":"","_speechkit_link":"","_speechkit_text":""},"categories":[51,78],"tags":[44,5630,988,5631,85,1836,52,59,129,1962,130,677,5632,438],"jetpack_featured_media_url":"","_links":{"self":[{"href":"https:\/\/pinews.com.br\/index.php\/wp-json\/wp\/v2\/posts\/13849"}],"collection":[{"href":"https:\/\/pinews.com.br\/index.php\/wp-json\/wp\/v2\/posts"}],"about":[{"href":"https:\/\/pinews.com.br\/index.php\/wp-json\/wp\/v2\/types\/post"}],"author":[{"embeddable":true,"href":"https:\/\/pinews.com.br\/index.php\/wp-json\/wp\/v2\/users\/1"}],"replies":[{"embeddable":true,"href":"https:\/\/pinews.com.br\/index.php\/wp-json\/wp\/v2\/comments?post=13849"}],"version-history":[{"count":0,"href":"https:\/\/pinews.com.br\/index.php\/wp-json\/wp\/v2\/posts\/13849\/revisions"}],"wp:featuredmedia":[{"embeddable":true,"href":"https:\/\/pinews.com.br\/index.php\/wp-json\/"}],"wp:attachment":[{"href":"https:\/\/pinews.com.br\/index.php\/wp-json\/wp\/v2\/media?parent=13849"}],"wp:term":[{"taxonomy":"category","embeddable":true,"href":"https:\/\/pinews.com.br\/index.php\/wp-json\/wp\/v2\/categories?post=13849"},{"taxonomy":"post_tag","embeddable":true,"href":"https:\/\/pinews.com.br\/index.php\/wp-json\/wp\/v2\/tags?post=13849"}],"curies":[{"name":"wp","href":"https:\/\/api.w.org\/{rel}","templated":true}]}}