{"id":13902,"date":"2020-09-24T19:09:45","date_gmt":"2020-09-24T22:09:45","guid":{"rendered":"https:\/\/pinews.com.br\/?p=13902"},"modified":"2020-09-24T19:09:45","modified_gmt":"2020-09-24T22:09:45","slug":"sejus-autoriza-visitas-presenciais-em-presidios-de-teresina-e-altos-a-partir-de-outubro","status":"publish","type":"post","link":"https:\/\/pinews.com.br\/index.php\/2020\/09\/24\/sejus-autoriza-visitas-presenciais-em-presidios-de-teresina-e-altos-a-partir-de-outubro\/","title":{"rendered":"Sejus autoriza visitas presenciais em pres\u00eddios de Teresina e Altos a partir de outubro"},"content":{"rendered":"\n<p>A partir do dia 1\u00ba de outubro, reeducandos das unidades penais de Teresina e Altos poder\u00e3o receber visitas presenciais de familiares e amigos. As visitas estavam suspensas desde o dia 17 de mar\u00e7o, como medida de controle da propaga\u00e7\u00e3o da Covid-19.<\/p>\n\n\n\n<p>De acordo com o secret\u00e1rio de Estado da Justi\u00e7a, Carlos Edilson, o retorno ser\u00e1 de forma gradual, seguindo todos os protocolos de seguran\u00e7a e sa\u00fade. No primeiro momento, a medida valer\u00e1 para penitenci\u00e1rias de Teresina e Altos.<\/p>\n\n\n\n<p>\u201cEstamos em processo de readequa\u00e7\u00e3o dentro do sistema prisional, criando espa\u00e7os para poder ter esse retorno das visitas presenciais de forma segura tanto para os internos, quanto para os familiares. Em outubro, n\u00f3s daremos in\u00edcio ao retorno gradual das visitas, obedecendo todos os protocolos de sa\u00fade\u201d, afirma o secret\u00e1rio.<\/p>\n\n\n\n<p>Ainda segundo Carlos Edilson, cada reeducando poder\u00e1 receber visita, a cada 15 dias, com dura\u00e7\u00e3o de 40 minutos, de um familiar ou amigo devidamente cadastrado. N\u00e3o ser\u00e3o permitidos visitantes com idade igual ou acima de 60 anos, gestantes, menores de 18 anos, visitas \u00edntimas e pessoas que apresentem sintomas gripais.<\/p>\n\n\n\n<p>Em caso de aumento do n\u00famero de internos que testarem positivo para o novo coronav\u00edrus, a visita\u00e7\u00e3o ser\u00e1 suspensa no estabelecimento prisional. Em rela\u00e7\u00e3o a visitas virtuais, a medida continuar\u00e1 em vigor para internos que n\u00e3o receberem visitas presenciais de familiares e para unidades penais do interior do estado.<\/p>\n\n\n\n<p><strong>Fonte: Cidade Verde<\/strong><\/p>\n","protected":false},"excerpt":{"rendered":"<p>A partir do dia 1\u00ba de outubro, reeducandos das unidades penais de Teresina e Altos poder\u00e3o receber visitas presenciais de familiares e amigos. As visitas estavam suspensas desde o dia 17 de mar\u00e7o, como medida de controle da propaga\u00e7\u00e3o da Covid-19. De acordo com o secret\u00e1rio de Estado da Justi\u00e7a, Carlos Edilson, o retorno ser\u00e1 [&hellip;]<\/p>\n","protected":false},"author":6,"featured_media":13903,"comment_status":"open","ping_status":"open","sticky":false,"template":"","format":"standard","meta":{"beyondwords_generate_audio":"","beyondwords_project_id":"","beyondwords_podcast_id":"","beyondwords_hash":"","beyondwords_error_message":"","beyondwords_disabled":"","publish_post_to_speechkit":"","speechkit_generate_audio":"","speechkit_project_id":"","speechkit_podcast_id":"","speechkit_hash":"","speechkit_error_message":"","speechkit_disabled":"","speechkit_access_key":"","speechkit_error":"","speechkit_info":"","speechkit_response":"","speechkit_retries":"","_speechkit_link":"","_speechkit_text":""},"categories":[51,81],"tags":[2256,3144,44,46,5586,5303,5528,1383,5664,187,5665],"jetpack_featured_media_url":"","_links":{"self":[{"href":"https:\/\/pinews.com.br\/index.php\/wp-json\/wp\/v2\/posts\/13902"}],"collection":[{"href":"https:\/\/pinews.com.br\/index.php\/wp-json\/wp\/v2\/posts"}],"about":[{"href":"https:\/\/pinews.com.br\/index.php\/wp-json\/wp\/v2\/types\/post"}],"author":[{"embeddable":true,"href":"https:\/\/pinews.com.br\/index.php\/wp-json\/wp\/v2\/users\/6"}],"replies":[{"embeddable":true,"href":"https:\/\/pinews.com.br\/index.php\/wp-json\/wp\/v2\/comments?post=13902"}],"version-history":[{"count":0,"href":"https:\/\/pinews.com.br\/index.php\/wp-json\/wp\/v2\/posts\/13902\/revisions"}],"wp:featuredmedia":[{"embeddable":true,"href":"https:\/\/pinews.com.br\/index.php\/wp-json\/"}],"wp:attachment":[{"href":"https:\/\/pinews.com.br\/index.php\/wp-json\/wp\/v2\/media?parent=13902"}],"wp:term":[{"taxonomy":"category","embeddable":true,"href":"https:\/\/pinews.com.br\/index.php\/wp-json\/wp\/v2\/categories?post=13902"},{"taxonomy":"post_tag","embeddable":true,"href":"https:\/\/pinews.com.br\/index.php\/wp-json\/wp\/v2\/tags?post=13902"}],"curies":[{"name":"wp","href":"https:\/\/api.w.org\/{rel}","templated":true}]}}