{"id":13923,"date":"2020-09-25T11:12:56","date_gmt":"2020-09-25T14:12:56","guid":{"rendered":"https:\/\/pinews.com.br\/?p=13923"},"modified":"2020-09-25T11:12:56","modified_gmt":"2020-09-25T14:12:56","slug":"colisao-entre-motocicleta-e-animal-mata-homem-na-pi-113","status":"publish","type":"post","link":"https:\/\/pinews.com.br\/index.php\/2020\/09\/25\/colisao-entre-motocicleta-e-animal-mata-homem-na-pi-113\/","title":{"rendered":"Colis\u00e3o entre motocicleta e animal mata homem na PI-113"},"content":{"rendered":"\n<p>Um vigilante identificado como Rafael Fernandes teve morte imediata&nbsp;na noite dessa dessa quinta-feira (24\/09) ap\u00f3s colidir motocicleta em animal na PI-113, nas proximidades do povoado Bulena, entre Teresina e Jos\u00e9 de Freitas.<\/p>\n\n\n\n<p>Um irm\u00e3o da v\u00edtima&nbsp;foi at\u00e9 local do acidente, ainda tentou reanimar a v\u00edtima, mas sem \u00eaxito. Uma equipe do Servi\u00e7o de Atendimento M\u00f3vel de Urg\u00eancia (Samu) ainda foi acionada, esteve no local e constatou a morte do vigilante.<\/p>\n\n\n\n<p>O corpo de Rafael Fernandes ser\u00e1 periciado no local do acidente e em seguida ser\u00e1 removido para o Instituto M\u00e9dico Legal (IML),&nbsp;em Teresina, onde deve passar por exames e depois ser\u00e1 liberado para a fam\u00edlia&nbsp;realizar o vel\u00f3rio e sepultamento.<\/p>\n\n\n\n<p>A v\u00edtima deixa esposa, com quem era casado h\u00e1 um ano e sete meses.<\/p>\n\n\n\n<figure class=\"wp-block-image\"><a href=\"https:\/\/storage.stwonline.com.br\/180graus\/uploads\/ckeditor\/pictures\/2385137\/4.jpg\"><img decoding=\"async\" src=\"https:\/\/storage.stwonline.com.br\/180graus\/uploads\/ckeditor\/pictures\/2385137\/4.jpg\" alt=\"Motocicleta colidiu contra animal na pista\"\/><\/a><figcaption>Motocicleta colidiu contra animal na pista&nbsp;&nbsp;&nbsp;Reprodu\u00e7\u00e3o<\/figcaption><\/figure>\n\n\n\n<p><strong>Fonte: Realidade em Foco<\/strong><\/p>\n","protected":false},"excerpt":{"rendered":"<p>Um vigilante identificado como Rafael Fernandes teve morte imediata&nbsp;na noite dessa dessa quinta-feira (24\/09) ap\u00f3s colidir motocicleta em animal na PI-113, nas proximidades do povoado Bulena, entre Teresina e Jos\u00e9 de Freitas. Um irm\u00e3o da v\u00edtima&nbsp;foi at\u00e9 local do acidente, ainda tentou reanimar a v\u00edtima, mas sem \u00eaxito. Uma equipe do Servi\u00e7o de Atendimento M\u00f3vel [&hellip;]<\/p>\n","protected":false},"author":1,"featured_media":13924,"comment_status":"open","ping_status":"open","sticky":false,"template":"","format":"standard","meta":{"beyondwords_generate_audio":"","beyondwords_project_id":"","beyondwords_podcast_id":"","beyondwords_hash":"","beyondwords_error_message":"","beyondwords_disabled":"","publish_post_to_speechkit":"","speechkit_generate_audio":"","speechkit_project_id":"","speechkit_podcast_id":"","speechkit_hash":"","speechkit_error_message":"","speechkit_disabled":"","speechkit_access_key":"","speechkit_error":"","speechkit_info":"","speechkit_response":"","speechkit_retries":"","_speechkit_link":"","_speechkit_text":""},"categories":[51],"tags":[898,256,178,84,49,179,91,5336],"jetpack_featured_media_url":"","_links":{"self":[{"href":"https:\/\/pinews.com.br\/index.php\/wp-json\/wp\/v2\/posts\/13923"}],"collection":[{"href":"https:\/\/pinews.com.br\/index.php\/wp-json\/wp\/v2\/posts"}],"about":[{"href":"https:\/\/pinews.com.br\/index.php\/wp-json\/wp\/v2\/types\/post"}],"author":[{"embeddable":true,"href":"https:\/\/pinews.com.br\/index.php\/wp-json\/wp\/v2\/users\/1"}],"replies":[{"embeddable":true,"href":"https:\/\/pinews.com.br\/index.php\/wp-json\/wp\/v2\/comments?post=13923"}],"version-history":[{"count":0,"href":"https:\/\/pinews.com.br\/index.php\/wp-json\/wp\/v2\/posts\/13923\/revisions"}],"wp:featuredmedia":[{"embeddable":true,"href":"https:\/\/pinews.com.br\/index.php\/wp-json\/"}],"wp:attachment":[{"href":"https:\/\/pinews.com.br\/index.php\/wp-json\/wp\/v2\/media?parent=13923"}],"wp:term":[{"taxonomy":"category","embeddable":true,"href":"https:\/\/pinews.com.br\/index.php\/wp-json\/wp\/v2\/categories?post=13923"},{"taxonomy":"post_tag","embeddable":true,"href":"https:\/\/pinews.com.br\/index.php\/wp-json\/wp\/v2\/tags?post=13923"}],"curies":[{"name":"wp","href":"https:\/\/api.w.org\/{rel}","templated":true}]}}