{"id":13948,"date":"2020-09-25T13:26:44","date_gmt":"2020-09-25T16:26:44","guid":{"rendered":"https:\/\/pinews.com.br\/?p=13948"},"modified":"2020-09-25T13:26:44","modified_gmt":"2020-09-25T16:26:44","slug":"homem-e-preso-por-conduzir-motocicleta-embriagado-em-picos","status":"publish","type":"post","link":"https:\/\/pinews.com.br\/index.php\/2020\/09\/25\/homem-e-preso-por-conduzir-motocicleta-embriagado-em-picos\/","title":{"rendered":"Homem \u00e9 preso por conduzir motocicleta embriagado em Picos"},"content":{"rendered":"\n<p>Um homem de 57 anos, foi preso em flagrante na noite desta quinta-feira, 24 de setembro, em Picos, por conduzir&nbsp; motocicleta&nbsp;sob efeito de \u00e1lcool, al\u00e9m disso, o mesmo n\u00e3o possui Carteira Nacional de Habilita\u00e7\u00e3o (CNH).<\/p>\n\n\n\n<p>O flagrante aconteceu na BR 316. Ao abordar a motocicleta HONDA\/CG 125 TITAN, os policiais verificaram, que o condutor apresentava sinais evidentes de embriaguez alco\u00f3lica, como fala arrastada e com ideias desconexas. O homem foi submetido ao teste de alcoolemia e foi constatado o valor de 1,23 miligramas de \u00e1lcool por litro de ar expelido pelos pulm\u00f5es, configurando o crime de tr\u00e2nsito.<\/p>\n\n\n\n<p>&nbsp;Os policiais verificaram ainda, que o condutor n\u00e3o possui habilita\u00e7\u00e3o e n\u00e3o estava usando capacete de seguran\u00e7a.<\/p>\n\n\n\n<p>O mesmo recebeu voz de pris\u00e3o, foi conduzido at\u00e9 a Central de Flagrantes e responder\u00e1 pelo crime de conduzir ve\u00edculo com capacidade psicomotora alterada, em raz\u00e3o da influ\u00eancia de \u00e1lcool. Al\u00e9m de dirigir ve\u00edculo automotor, em via p\u00fablica, sem a devida permiss\u00e3o.<\/p>\n\n\n\n<p><strong>Fonte: Picos 40 Graus<\/strong><\/p>\n","protected":false},"excerpt":{"rendered":"<p>Um homem de 57 anos, foi preso em flagrante na noite desta quinta-feira, 24 de setembro, em Picos, por conduzir&nbsp; motocicleta&nbsp;sob efeito de \u00e1lcool, al\u00e9m disso, o mesmo n\u00e3o possui Carteira Nacional de Habilita\u00e7\u00e3o (CNH). O flagrante aconteceu na BR 316. Ao abordar a motocicleta HONDA\/CG 125 TITAN, os policiais verificaram, que o condutor apresentava [&hellip;]<\/p>\n","protected":false},"author":1,"featured_media":13949,"comment_status":"open","ping_status":"open","sticky":false,"template":"","format":"standard","meta":{"beyondwords_generate_audio":"","beyondwords_project_id":"","beyondwords_podcast_id":"","beyondwords_hash":"","beyondwords_error_message":"","beyondwords_disabled":"","publish_post_to_speechkit":"","speechkit_generate_audio":"","speechkit_project_id":"","speechkit_podcast_id":"","speechkit_hash":"","speechkit_error_message":"","speechkit_disabled":"","speechkit_access_key":"","speechkit_error":"","speechkit_info":"","speechkit_response":"","speechkit_retries":"","_speechkit_link":"","_speechkit_text":""},"categories":[124,51,126,78],"tags":[5693,72,46,5146,84,179,125,59,79],"jetpack_featured_media_url":"","_links":{"self":[{"href":"https:\/\/pinews.com.br\/index.php\/wp-json\/wp\/v2\/posts\/13948"}],"collection":[{"href":"https:\/\/pinews.com.br\/index.php\/wp-json\/wp\/v2\/posts"}],"about":[{"href":"https:\/\/pinews.com.br\/index.php\/wp-json\/wp\/v2\/types\/post"}],"author":[{"embeddable":true,"href":"https:\/\/pinews.com.br\/index.php\/wp-json\/wp\/v2\/users\/1"}],"replies":[{"embeddable":true,"href":"https:\/\/pinews.com.br\/index.php\/wp-json\/wp\/v2\/comments?post=13948"}],"version-history":[{"count":0,"href":"https:\/\/pinews.com.br\/index.php\/wp-json\/wp\/v2\/posts\/13948\/revisions"}],"wp:featuredmedia":[{"embeddable":true,"href":"https:\/\/pinews.com.br\/index.php\/wp-json\/"}],"wp:attachment":[{"href":"https:\/\/pinews.com.br\/index.php\/wp-json\/wp\/v2\/media?parent=13948"}],"wp:term":[{"taxonomy":"category","embeddable":true,"href":"https:\/\/pinews.com.br\/index.php\/wp-json\/wp\/v2\/categories?post=13948"},{"taxonomy":"post_tag","embeddable":true,"href":"https:\/\/pinews.com.br\/index.php\/wp-json\/wp\/v2\/tags?post=13948"}],"curies":[{"name":"wp","href":"https:\/\/api.w.org\/{rel}","templated":true}]}}