{"id":14012,"date":"2020-09-27T11:22:59","date_gmt":"2020-09-27T14:22:59","guid":{"rendered":"https:\/\/pinews.com.br\/?p=14012"},"modified":"2020-09-27T11:22:59","modified_gmt":"2020-09-27T14:22:59","slug":"com-bicicletas-de-r-2-mil-e-ate-80-mil-ciclistas-enfrentam-onda-de-assaltos-no-piaui","status":"publish","type":"post","link":"https:\/\/pinews.com.br\/index.php\/2020\/09\/27\/com-bicicletas-de-r-2-mil-e-ate-80-mil-ciclistas-enfrentam-onda-de-assaltos-no-piaui\/","title":{"rendered":"Com bicicletas de R$ 2 mil e at\u00e9 80 mil, ciclistas enfrentam onda de assaltos no Piau\u00ed"},"content":{"rendered":"\n<p>Os casos de assaltos a ciclistas tiveram um aumento significativo em Teresina depois do in\u00edcio do per\u00edodo de quarentena. De acordo com a Federa\u00e7\u00e3o de Ciclismo do Piau\u00ed (FCP) ao&nbsp;OitoMeia, o n\u00famero teve esse crescimento devido \u00e0 alta procura das pessoas pelo esporte como uma forma de \u201crespirar\u201d, mesmo com os anseios da pandemia de Covid-19 e por ser uma atividade f\u00edsica que \u00e9 feita isoladamente.<\/p>\n\n\n\n<p>O investimento para iniciar este esporte n\u00e3o \u00e9 baixo. Existem diversos tipos de bicicletas e equipamentos que s\u00e3o essenciais para que o adepto do ciclismo tenha a melhor experi\u00eancia poss\u00edvel. Para isso, o interessado investe em um sapato espec\u00edfico, um capacete pr\u00f3prio, roupas adequadas, luvas, \u00f3culos, al\u00e9m de outros equipamento de prote\u00e7\u00e3o.<\/p>\n\n\n\n<h3>BICICLETAS VARIAM DE R$ 2 A 80 MIL<\/h3>\n\n\n\n<p>Como j\u00e1 mencionado, existem diversos tipos de bicicletas. O recomendado ao interessado em iniciar no ciclismo \u00e9 que ele procure um profissional da \u00e1rea para saber por qual bicicleta iniciar o esporte. Os pre\u00e7os variam de acordo com a especificidade da bike.<\/p>\n\n\n\n<p>O&nbsp;<strong>OitoMeia<\/strong>&nbsp;conversou com Anderson Ara\u00fajo, analista de compras da Giro Radical, sobre o crescimento da demanda pela compra de bicicletas em Teresina. Segundo Ara\u00fajo, o procura por bikes espec\u00edficas para ciclismo aumentou em tr\u00eas vezes desde o in\u00edcio da pandemia.<\/p>\n\n\n\n<blockquote class=\"wp-block-quote\"><p><em>\u201cAssim que come\u00e7ou a pandemia, a m\u00e9dia de sa\u00edda das bicicletas cresceu muito. Tr\u00eas vezes maior que o normal. As pessoas t\u00eam procurado, principalmente, bikes para iniciantes no ciclismo\u201d, relatou \u00e0 nossa reportagem o analista de compras.&nbsp;<\/em><\/p><\/blockquote>\n\n\n\n<p>Anderson acrescentou ainda que o pre\u00e7o das bicicletas para ciclismo podem variar de R$ 2 e R$ 80 mil, a depender da especificidade de cada uma.<\/p>\n\n\n\n<h3>O PERIGO NAS RUAS<\/h3>\n\n\n\n<p>O n\u00famero de adeptos ao ciclismo cresceu e, proporcionalmente, cresceu o n\u00famero de assaltos entre os praticantes. O alvo muitas vezes s\u00e3o as bicicletas, que t\u00eam alto valor de mercado. Por conta dessa crescente onda de assaltos, um grupo de ciclistas ir\u00e1 manifestar no dia 28 de setembro. O grupo busca mais seguran\u00e7a nas ruas de Teresina para que os ciclistas pratiquem o esporte com tranquilidade.<\/p>\n\n\n\n<p>O empres\u00e1rio Felinto Ferro, em entrevista ao&nbsp;OitoMeia, contou que foi assaltado recentemente na Avenida Presidente Kennedy, na zona Leste de Teresina, num domingo, \u00e0s 6h. Felinto havia marcado um encontro com outros ciclistas para fazer uma trilha e estava a caminho do local marcado quando foi abordado.<\/p>\n\n\n\n<blockquote class=\"wp-block-quote\"><p><em>\u201cEu sa\u00ed para treinar e fui assaltado em frente ao Posto Bola. Estava sozinho. Primeiramente ele pediu meus pertences e depois levou a minha bicicleta\u201d, relembrou o empres\u00e1rio.&nbsp;<\/em><\/p><\/blockquote>\n\n\n\n<figure class=\"wp-block-image\"><img decoding=\"async\" src=\"https:\/\/www.oitomeia.com.br\/wp-content\/uploads\/2020\/09\/WhatsApp-Image-2020-09-22-at-5.30.47-PM.jpeg\" alt=\"\" class=\"wp-image-326653\"\/><figcaption>Felinto e sua monterbike antes do assalto (Foto: reprodu\u00e7\u00e3o\/ Arquivo pessoal)<\/figcaption><\/figure>\n\n\n\n<p>O ciclista frisou ainda que acredita que o alvo dos assaltantes n\u00e3o s\u00e3o s\u00f3 as bicicletas. \u201cEles ainda n\u00e3o t\u00eam um sistema para negociar e desmontar as bicicletas. Eles chegam nos ciclistas porque eles j\u00e1 t\u00eam a certeza que o cara vai estar desarmado e com dinheiro, celular\u2026\u201d, analisou Ferro.<\/p>\n\n\n\n<p>Questionado por nossa reportagem sobre o pre\u00e7o da bicicleta que foi roubada, Ferro preferiu n\u00e3o revelar porque entende que isso chamaria mais aten\u00e7\u00e3o dos bandidos.<\/p>\n\n\n\n<p>Depois do ocorrido, o empres\u00e1rio conseguiu recuperar sua bicicleta tr\u00eas meses ap\u00f3s o assalto, mas afirmou que n\u00e3o consegue mais andar de bicicleta como antes. \u201cAinda hoje eu sou receoso [\u2026]. Quando me chamam eu n\u00e3o tenho mais vontade de ir, por conta do que aconteceu\u201d, finalizou Felinto Ferro.<\/p>\n\n\n\n<h3>PM TEM PARTICIPADO DE TREINOS<\/h3>\n\n\n\n<p>O presidente da FCP, George Rodrigues, de 44 anos, informou ao<strong>&nbsp;OitoMeia<\/strong>&nbsp;que os ciclistas t\u00eam se organizado em grupos e criaram uma rede de comunica\u00e7\u00e3o, tanto entre si quanto com a Pol\u00edcia Militar, para troca de informa\u00e7\u00f5es e para marcar hor\u00e1rios em que a PM possa estar presente nos treinos matutinos dos ciclistas da Federa\u00e7\u00e3o.<\/p>\n\n\n\n<figure class=\"wp-block-image\"><img decoding=\"async\" src=\"https:\/\/www.oitomeia.com.br\/wp-content\/uploads\/2021\/09\/WhatsApp-Image-2020-09-25-at-12.51.36-PM.jpeg\" alt=\"\" class=\"wp-image-327140\"\/><figcaption>Grupo de ciclistas amadores Pedala THE (Foto: Joucelino Dias)<\/figcaption><\/figure>\n\n\n\n<h3><strong>POLICIAIS DISFAR\u00c7ADOS&nbsp;<\/strong><\/h3>\n\n\n\n<p>De acordo com o chefe da Ger\u00eancia de Policiamento Metropolitana, delegado Sebasti\u00e3o Alencar, at\u00e9 agora n\u00e3o existe um levantamento estat\u00edstico oficial sobre a quantidade de assaltos a ciclistas no Piau\u00ed. Contudo, o delegado afirmou que o aumento de assaltos a esses esportistas \u00e9 uma realidade.<\/p>\n\n\n\n<blockquote class=\"wp-block-quote\"><p><em>\u201cNesse per\u00edodo de pandemia houve um aumento de ciclistas nas ruas. Consequentemente, e j\u00e1 se era esperado, o aumento de incid\u00eancias de furtos de bicicletas cresceu tamb\u00e9m. N\u00f3s estamos constantemente recebendo novos casos e recuperando bicicletas tamb\u00e9m\u201d, explicou ao&nbsp;<strong>OitoMeia<\/strong>&nbsp;o delegado.<\/em><\/p><\/blockquote>\n\n\n\n<p>Alencar acrescentou tamb\u00e9m que, em raz\u00e3o do grande n\u00famero de ocorr\u00eancias, a Pol\u00edcia Civil recentemente colocou de forma velada policiais disfar\u00e7ados de ciclistas e pedestres, nas regi\u00f5es com maior n\u00famero de ocorr\u00eancias, com objetivo de evitar e flagrar novos casos.<\/p>\n\n\n\n<figure class=\"wp-block-image\"><img decoding=\"async\" src=\"https:\/\/www.oitomeia.com.br\/wp-content\/uploads\/2021\/09\/WhatsApp-Image-2020-09-25-at-11.05.30-AM.jpeg\" alt=\"\" class=\"wp-image-327086\"\/><figcaption>Chefe da Ger\u00eancia de Policiamento Metropolitana, delegado Sebasti\u00e3o Alencar (Foto: Ricardo Morais \/OitoMeia)<\/figcaption><\/figure>\n\n\n\n<h3>DICAS DE SEGURAN\u00c7A<\/h3>\n\n\n\n<p>O presidente da FCP, George Rodrigues, elencou alguns cuidados que o ciclista deve ter ao praticar o esporte. Entre eles est\u00e3o:<\/p>\n\n\n\n<ul><li>Andar em lugares movimentados; \u201cQuanto mais pessoas no local, mais dif\u00edcil ser\u00e1 para o assaltante levar seu ve\u00edculo\u201d, frisou;<\/li><li>Evitar ruas isoladas;<\/li><li>Procurar sempre pedalar em grupo;<\/li><li>Tentar levar consigo o menor n\u00famero poss\u00edvel de pertences de valor;<\/li><li>Fa\u00e7a o seguro da sua bicicleta;<\/li><li>Al\u00e9m disso, nunca reagir a uma abordagem criminosa.<\/li><\/ul>\n\n\n\n<p><strong>Fonte: OitoMeia<\/strong><\/p>\n","protected":false},"excerpt":{"rendered":"<p>Os casos de assaltos a ciclistas tiveram um aumento significativo em Teresina depois do in\u00edcio do per\u00edodo de quarentena. De acordo com a Federa\u00e7\u00e3o de Ciclismo do Piau\u00ed (FCP) ao&nbsp;OitoMeia, o n\u00famero teve esse crescimento devido \u00e0 alta procura das pessoas pelo esporte como uma forma de \u201crespirar\u201d, mesmo com os anseios da pandemia de [&hellip;]<\/p>\n","protected":false},"author":6,"featured_media":14013,"comment_status":"open","ping_status":"open","sticky":false,"template":"","format":"standard","meta":{"beyondwords_generate_audio":"","beyondwords_project_id":"","beyondwords_podcast_id":"","beyondwords_hash":"","beyondwords_error_message":"","beyondwords_disabled":"","publish_post_to_speechkit":"","speechkit_generate_audio":"","speechkit_project_id":"","speechkit_podcast_id":"","speechkit_hash":"","speechkit_error_message":"","speechkit_disabled":"","speechkit_access_key":"","speechkit_error":"","speechkit_info":"","speechkit_response":"","speechkit_retries":"","_speechkit_link":"","_speechkit_text":""},"categories":[51,78],"tags":[5342,935,815,5730,851,44,5731,109,5732,52],"jetpack_featured_media_url":"","_links":{"self":[{"href":"https:\/\/pinews.com.br\/index.php\/wp-json\/wp\/v2\/posts\/14012"}],"collection":[{"href":"https:\/\/pinews.com.br\/index.php\/wp-json\/wp\/v2\/posts"}],"about":[{"href":"https:\/\/pinews.com.br\/index.php\/wp-json\/wp\/v2\/types\/post"}],"author":[{"embeddable":true,"href":"https:\/\/pinews.com.br\/index.php\/wp-json\/wp\/v2\/users\/6"}],"replies":[{"embeddable":true,"href":"https:\/\/pinews.com.br\/index.php\/wp-json\/wp\/v2\/comments?post=14012"}],"version-history":[{"count":0,"href":"https:\/\/pinews.com.br\/index.php\/wp-json\/wp\/v2\/posts\/14012\/revisions"}],"wp:featuredmedia":[{"embeddable":true,"href":"https:\/\/pinews.com.br\/index.php\/wp-json\/"}],"wp:attachment":[{"href":"https:\/\/pinews.com.br\/index.php\/wp-json\/wp\/v2\/media?parent=14012"}],"wp:term":[{"taxonomy":"category","embeddable":true,"href":"https:\/\/pinews.com.br\/index.php\/wp-json\/wp\/v2\/categories?post=14012"},{"taxonomy":"post_tag","embeddable":true,"href":"https:\/\/pinews.com.br\/index.php\/wp-json\/wp\/v2\/tags?post=14012"}],"curies":[{"name":"wp","href":"https:\/\/api.w.org\/{rel}","templated":true}]}}