{"id":14056,"date":"2020-09-28T11:21:23","date_gmt":"2020-09-28T14:21:23","guid":{"rendered":"https:\/\/pinews.com.br\/?p=14056"},"modified":"2020-09-28T11:21:23","modified_gmt":"2020-09-28T14:21:23","slug":"sete-jogadores-do-flamengo-sao-submetidos-a-exame-para-saber-se-podem-jogar-na-4a","status":"publish","type":"post","link":"https:\/\/pinews.com.br\/index.php\/2020\/09\/28\/sete-jogadores-do-flamengo-sao-submetidos-a-exame-para-saber-se-podem-jogar-na-4a\/","title":{"rendered":"Sete jogadores do Flamengo s\u00e3o submetidos a exame para saber se podem jogar na 4\u00aa"},"content":{"rendered":"\n<p>O Flamengo vai saber nesta segunda-feira se vai ganhar o \u2018refor\u00e7o\u2019 de sete jogadores para o duelo de quarta-feira, \u00e0s 21h30, no Maracan\u00e3, contra o Independiente Del Valle, pela quinta rodada do Grupo A da Copa Libertadores.<\/p>\n\n\n\n<p>S\u00e3o eles: Isla, Matheuzinho, Filipe Lu\u00eds, Diego, Bruno Henrique, Michael e Vitinho. Todos os atletas v\u00e3o ser submetidos a testes da covid-19 para saberem se j\u00e1 est\u00e3o curados, ap\u00f3s darem positivo em Guayaquil, no Equador, no dia 19.<\/p>\n\n\n\n<p>Segundo comunicado do Flamengo, todos est\u00e3o assintom\u00e1ticos e ser\u00e3o testados em suas casas para evitar contamina\u00e7\u00f5es. Todo o elenco que participou do jogo deste domingo, no Allianz Parque, diante do Palmeiras, tamb\u00e9m vai passar por exames.<\/p>\n\n\n\n<p>De acordo com o protocolo da Conmebol, quem estiver negativo ap\u00f3s quarentena de dez dias estar\u00e1 apto a entrar em campo. O prazo \u00e9 suficiente para que os sete atletas estejam \u00e0 disposi\u00e7\u00e3o para encarar o Independiente del Valle. O t\u00e9cnico Dom\u00e8nec Torrent e outros 12 jogadores, tamb\u00e9m infectados, ainda v\u00e3o ficar de fora da partida.<\/p>\n\n\n\n<p>Diego Alves, C\u00e9sar, Gabriel e Pedro Rocha, que se recuperam de les\u00f5es, tamb\u00e9m ser\u00e3o reavaliados pelo departamento m\u00e9dico para saberem se ter\u00e3o condi\u00e7\u00e3o de jogar na quarta-feira.<\/p>\n\n\n\n<p><strong>Fonte: Estad\u00e3o Conte\u00fado<\/strong><\/p>\n","protected":false},"excerpt":{"rendered":"<p>O Flamengo vai saber nesta segunda-feira se vai ganhar o \u2018refor\u00e7o\u2019 de sete jogadores para o duelo de quarta-feira, \u00e0s 21h30, no Maracan\u00e3, contra o Independiente Del Valle, pela quinta rodada do Grupo A da Copa Libertadores. S\u00e3o eles: Isla, Matheuzinho, Filipe Lu\u00eds, Diego, Bruno Henrique, Michael e Vitinho. Todos os atletas v\u00e3o ser submetidos [&hellip;]<\/p>\n","protected":false},"author":6,"featured_media":14057,"comment_status":"open","ping_status":"open","sticky":false,"template":"","format":"standard","meta":{"beyondwords_generate_audio":"","beyondwords_project_id":"","beyondwords_podcast_id":"","beyondwords_hash":"","beyondwords_error_message":"","beyondwords_disabled":"","publish_post_to_speechkit":"","speechkit_generate_audio":"","speechkit_project_id":"","speechkit_podcast_id":"","speechkit_hash":"","speechkit_error_message":"","speechkit_disabled":"","speechkit_access_key":"","speechkit_error":"","speechkit_info":"","speechkit_response":"","speechkit_retries":"","_speechkit_link":"","_speechkit_text":""},"categories":[1189,134],"tags":[5752,328,1341,5753,675,91,350,5662,434,362,129,866,5754],"jetpack_featured_media_url":"","_links":{"self":[{"href":"https:\/\/pinews.com.br\/index.php\/wp-json\/wp\/v2\/posts\/14056"}],"collection":[{"href":"https:\/\/pinews.com.br\/index.php\/wp-json\/wp\/v2\/posts"}],"about":[{"href":"https:\/\/pinews.com.br\/index.php\/wp-json\/wp\/v2\/types\/post"}],"author":[{"embeddable":true,"href":"https:\/\/pinews.com.br\/index.php\/wp-json\/wp\/v2\/users\/6"}],"replies":[{"embeddable":true,"href":"https:\/\/pinews.com.br\/index.php\/wp-json\/wp\/v2\/comments?post=14056"}],"version-history":[{"count":0,"href":"https:\/\/pinews.com.br\/index.php\/wp-json\/wp\/v2\/posts\/14056\/revisions"}],"wp:featuredmedia":[{"embeddable":true,"href":"https:\/\/pinews.com.br\/index.php\/wp-json\/"}],"wp:attachment":[{"href":"https:\/\/pinews.com.br\/index.php\/wp-json\/wp\/v2\/media?parent=14056"}],"wp:term":[{"taxonomy":"category","embeddable":true,"href":"https:\/\/pinews.com.br\/index.php\/wp-json\/wp\/v2\/categories?post=14056"},{"taxonomy":"post_tag","embeddable":true,"href":"https:\/\/pinews.com.br\/index.php\/wp-json\/wp\/v2\/tags?post=14056"}],"curies":[{"name":"wp","href":"https:\/\/api.w.org\/{rel}","templated":true}]}}