{"id":14103,"date":"2020-09-29T10:55:48","date_gmt":"2020-09-29T13:55:48","guid":{"rendered":"https:\/\/pinews.com.br\/?p=14103"},"modified":"2020-09-29T10:55:48","modified_gmt":"2020-09-29T13:55:48","slug":"dom-jacinto-arcebispo-de-teresina-afasta-padre-apos-denuncias-e-envia-processo-ao-vaticano","status":"publish","type":"post","link":"https:\/\/pinews.com.br\/index.php\/2020\/09\/29\/dom-jacinto-arcebispo-de-teresina-afasta-padre-apos-denuncias-e-envia-processo-ao-vaticano\/","title":{"rendered":"Dom Jacinto, arcebispo de Teresina, afasta padre ap\u00f3s den\u00fancias e envia processo ao Vaticano"},"content":{"rendered":"\n<p>O arcebispo de Teresina, Dom Jacinto de Brito Sobrinho, determinou o afastamento do padre Jardel Moreira, que \u00e9 p\u00e1roco da igreja Nossa Senhora Aparecida, no Renascen\u00e7a, zona Sudeste da capital.<\/p>\n\n\n\n<p>A Arquidiocese informou ao portal Cidadeverde.com que recebeu den\u00fancias contra o padre. No entanto, a igreja n\u00e3o revelou o teor das den\u00fancias. O portal Cidadeverde.com apurou que envolve um adolescente. Os pais levaram, pessoalmente, o caso ao arcebispo.<\/p>\n\n\n\n<p>O assessor eclesial da Comunica\u00e7\u00e3o da Arquidiocese, Isaias Pereira, informou que o caso foi encaminhado ao Vaticano.<\/p>\n\n\n\n<p>\u201cA Arquidiocese recebeu den\u00fancias, abriu processo e enviou a Roma. A igreja n\u00e3o pode se posicionar at\u00e9 uma decis\u00e3o de Roma\u201d, disse Isaias Pereira.<\/p>\n\n\n\n<p>O padre Jardel \u00e9 bastante conhecido, e cantor de uma banda. Se a den\u00fancia for comprovada, ele ser\u00e1 expulso da igreja. Ele far\u00e1 sua defesa junto ao Vaticano.<\/p>\n\n\n\n<p>Com o afastamento, o padre n\u00e3o poder\u00e1 celebrar missas, utilizar os trajes clericais e nem ministrar os sacramentos.<\/p>\n\n\n\n<p>O portal Cidadeverde.com tentou falar com o padre, mas n\u00e3o conseguiu. O espa\u00e7o est\u00e1 aberto para esclarecimentos.<\/p>\n\n\n\n<p><strong>Fonte: Cidade Verde<\/strong><\/p>\n","protected":false},"excerpt":{"rendered":"<p>O arcebispo de Teresina, Dom Jacinto de Brito Sobrinho, determinou o afastamento do padre Jardel Moreira, que \u00e9 p\u00e1roco da igreja Nossa Senhora Aparecida, no Renascen\u00e7a, zona Sudeste da capital. A Arquidiocese informou ao portal Cidadeverde.com que recebeu den\u00fancias contra o padre. No entanto, a igreja n\u00e3o revelou o teor das den\u00fancias. O portal Cidadeverde.com [&hellip;]<\/p>\n","protected":false},"author":1,"featured_media":14104,"comment_status":"open","ping_status":"open","sticky":false,"template":"","format":"standard","meta":{"beyondwords_generate_audio":"","beyondwords_project_id":"","beyondwords_podcast_id":"","beyondwords_hash":"","beyondwords_error_message":"","beyondwords_disabled":"","publish_post_to_speechkit":"","speechkit_generate_audio":"","speechkit_project_id":"","speechkit_podcast_id":"","speechkit_hash":"","speechkit_error_message":"","speechkit_disabled":"","speechkit_access_key":"","speechkit_error":"","speechkit_info":"","speechkit_response":"","speechkit_retries":"","_speechkit_link":"","_speechkit_text":""},"categories":[51,81],"tags":[5774,132,70,5775,44,775,5776,758,5777,5778,958,187,5779],"jetpack_featured_media_url":"","_links":{"self":[{"href":"https:\/\/pinews.com.br\/index.php\/wp-json\/wp\/v2\/posts\/14103"}],"collection":[{"href":"https:\/\/pinews.com.br\/index.php\/wp-json\/wp\/v2\/posts"}],"about":[{"href":"https:\/\/pinews.com.br\/index.php\/wp-json\/wp\/v2\/types\/post"}],"author":[{"embeddable":true,"href":"https:\/\/pinews.com.br\/index.php\/wp-json\/wp\/v2\/users\/1"}],"replies":[{"embeddable":true,"href":"https:\/\/pinews.com.br\/index.php\/wp-json\/wp\/v2\/comments?post=14103"}],"version-history":[{"count":0,"href":"https:\/\/pinews.com.br\/index.php\/wp-json\/wp\/v2\/posts\/14103\/revisions"}],"wp:featuredmedia":[{"embeddable":true,"href":"https:\/\/pinews.com.br\/index.php\/wp-json\/"}],"wp:attachment":[{"href":"https:\/\/pinews.com.br\/index.php\/wp-json\/wp\/v2\/media?parent=14103"}],"wp:term":[{"taxonomy":"category","embeddable":true,"href":"https:\/\/pinews.com.br\/index.php\/wp-json\/wp\/v2\/categories?post=14103"},{"taxonomy":"post_tag","embeddable":true,"href":"https:\/\/pinews.com.br\/index.php\/wp-json\/wp\/v2\/tags?post=14103"}],"curies":[{"name":"wp","href":"https:\/\/api.w.org\/{rel}","templated":true}]}}