{"id":14149,"date":"2020-09-30T10:17:10","date_gmt":"2020-09-30T13:17:10","guid":{"rendered":"https:\/\/pinews.com.br\/?p=14149"},"modified":"2020-09-30T10:17:10","modified_gmt":"2020-09-30T13:17:10","slug":"sejus-pede-a-justica-que-preso-com-covid-19-permaneca-em-casa","status":"publish","type":"post","link":"https:\/\/pinews.com.br\/index.php\/2020\/09\/30\/sejus-pede-a-justica-que-preso-com-covid-19-permaneca-em-casa\/","title":{"rendered":"Sejus pede \u00e0 Justi\u00e7a que preso com Covid-19 permane\u00e7a em casa"},"content":{"rendered":"\n<p>O secret\u00e1rio Estadual de Justi\u00e7a, Carlos Edilson Sousa, confirmou o retorno ao sistema prisional, para a pr\u00f3xima quinta-feira (1), dos presos beneficiados&nbsp;com a pris\u00e3o domiciliar, devido a pandemia da Covid-19. A Secretaria de Justi\u00e7a (Sejus) espera o retorno de 754 presos. Todos que retornarem ao sistema passar\u00e1 pelo teste da Covid-19.&nbsp; A Sejus aguarda decis\u00e3o da Justi\u00e7a para prolongar a pris\u00e3o domiciliar para mais 30 dias caso o teste seja positivo para o novo coronav\u00edrus.<\/p>\n\n\n\n<p>\u201cN\u00f3s iremos cumprir uma decis\u00e3o judicial. No in\u00edcio da pandemia, houve uma determina\u00e7\u00e3o judicial que possibilitou aos internos do regime semiaberto irem para a pris\u00e3o domiciliar. Agora, n\u00f3s recebemos mais uma determina\u00e7\u00e3o judicial para receb\u00ea-los. Estaremos com equipe de sa\u00fade dentro da unidade. Ser\u00e3o testados todos os apenados que retornarem \u00e0quela unidade\u201d.<\/p>\n\n\n\n<p>Apesar da prepara\u00e7\u00e3o para esse retorno, j\u00e1 existe um pedido da Secretaria de Justi\u00e7a ao Poder Judici\u00e1rios para, caso algum reeducando ao retornar ao sistema prisional teste positivo para a Covid-19, que seja expandido essa pris\u00e3o domiciliar por mais 30 dias.<\/p>\n\n\n\n<p>\u201cFizemos esse pedido ao Poder Judici\u00e1rio e aguardamos a decis\u00e3o. Todos os reeducandos que se apresentarem ao sistema prisional, no dia 1\u00ba de outubro,&nbsp; ser\u00e3o testados. N\u00f3s teremos uma equipe de sa\u00fade formada por nove profissionais para esse acompanhamento\u201d.<\/p>\n\n\n\n<p>Os reeducandos que desobedecerem \u00e0 ordem judicial e n\u00e3o retornarem voluntariamente&nbsp; ao sistema prisional ser\u00e3o considerados foragidos;&nbsp; a Justi\u00e7a poder\u00e1 decretar a pris\u00e3o preventiva desses.<\/p>\n\n\n\n<p>\u201cDesses mais de 700 presos, existe alguns que est\u00e3o monitorados pelo nosso N\u00facleo de Intelig\u00eancia. Cabe ao reeducando se apresentar. Ele n\u00e3o se apresentando, cabe a Secretaria de Justi\u00e7a fazer a comunica\u00e7\u00e3o ao Poder Judici\u00e1rio. Esse reeducando que n\u00e3o se apresentar ao sistema prisional ser\u00e1 tido como foragido\u201d.<\/p>\n\n\n\n<p><strong>Preso com Covid em F\u00f3rum&nbsp;<\/strong><\/p>\n\n\n\n<p>O secret\u00e1rio estadual de Justi\u00e7a, Carlos Edilson Sousa, esclarece que o preso com resultado do exame positivo para o novo coronav\u00edrus constatou que ele j\u00e1 teve contato com o v\u00edrus, mas que n\u00e3o necessariamente estaria no per\u00edodo de contamina\u00e7\u00e3o. O teste r\u00e1pido apresentou que o preso teve contato com o v\u00edrus h\u00e1 mais de&nbsp; dias, ressalta.<\/p>\n\n\n\n<p>O resultado positivo chegou ao F\u00f3rum Criminal no momento em que o preso, r\u00e9u por homic\u00eddio, participava do pr\u00f3prio Tribunal do J\u00fari.<\/p>\n\n\n\n<p>\u201cN\u00f3s iremos averiguar essa situa\u00e7\u00e3o. Preliminarmente, n\u00f3s fomos informados pela Equipe de Imuniza\u00e7\u00e3o de que esse interno, deslocado ao F\u00f3rum (Criminal), havia sido contaminado pela Covid-19 e j\u00e1 tinha passado de 15 dias da contamina\u00e7\u00e3o, ou seja, ele j\u00e1 estava fora do tempo de&nbsp; contamina\u00e7\u00e3o. Contudo, o exame feito atestou que ele j\u00e1 teve contato e n\u00e3o que ele estaria com o v\u00edrus\u201d.<\/p>\n\n\n\n<p>O secret\u00e1rio ressalta que ir\u00e1 receber mias informa\u00e7\u00f5es e, se for necess\u00e1rio, abrir um procedimento interno dentro da Secretaria de Justi\u00e7a para esclarecer o ocorrido.<\/p>\n\n\n\n<figure class=\"wp-block-embed-youtube wp-block-embed is-type-video is-provider-youtube wp-embed-aspect-16-9 wp-has-aspect-ratio\"><div class=\"wp-block-embed__wrapper\">\n<iframe loading=\"lazy\" title=\"745 detentos devem retornar aos pres\u00eddios nesta quarta\" width=\"1170\" height=\"658\" src=\"https:\/\/www.youtube.com\/embed\/JtSOxGuRRtA?feature=oembed\" frameborder=\"0\" allow=\"accelerometer; autoplay; clipboard-write; encrypted-media; gyroscope; picture-in-picture; web-share\" allowfullscreen><\/iframe>\n<\/div><\/figure>\n\n\n\n<p><strong>Fonte: Cidade Verde<\/strong><\/p>\n","protected":false},"excerpt":{"rendered":"<p>O secret\u00e1rio Estadual de Justi\u00e7a, Carlos Edilson Sousa, confirmou o retorno ao sistema prisional, para a pr\u00f3xima quinta-feira (1), dos presos beneficiados&nbsp;com a pris\u00e3o domiciliar, devido a pandemia da Covid-19. A Secretaria de Justi\u00e7a (Sejus) espera o retorno de 754 presos. Todos que retornarem ao sistema passar\u00e1 pelo teste da Covid-19.&nbsp; A Sejus aguarda decis\u00e3o [&hellip;]<\/p>\n","protected":false},"author":6,"featured_media":14150,"comment_status":"open","ping_status":"open","sticky":false,"template":"","format":"standard","meta":{"beyondwords_generate_audio":"","beyondwords_project_id":"","beyondwords_podcast_id":"","beyondwords_hash":"","beyondwords_error_message":"","beyondwords_disabled":"","publish_post_to_speechkit":"","speechkit_generate_audio":"","speechkit_project_id":"","speechkit_podcast_id":"","speechkit_hash":"","speechkit_error_message":"","speechkit_disabled":"","speechkit_access_key":"","speechkit_error":"","speechkit_info":"","speechkit_response":"","speechkit_retries":"","_speechkit_link":"","_speechkit_text":""},"categories":[134],"tags":[794,149,5307,46,1097,723,5804,79,5664],"jetpack_featured_media_url":"","_links":{"self":[{"href":"https:\/\/pinews.com.br\/index.php\/wp-json\/wp\/v2\/posts\/14149"}],"collection":[{"href":"https:\/\/pinews.com.br\/index.php\/wp-json\/wp\/v2\/posts"}],"about":[{"href":"https:\/\/pinews.com.br\/index.php\/wp-json\/wp\/v2\/types\/post"}],"author":[{"embeddable":true,"href":"https:\/\/pinews.com.br\/index.php\/wp-json\/wp\/v2\/users\/6"}],"replies":[{"embeddable":true,"href":"https:\/\/pinews.com.br\/index.php\/wp-json\/wp\/v2\/comments?post=14149"}],"version-history":[{"count":0,"href":"https:\/\/pinews.com.br\/index.php\/wp-json\/wp\/v2\/posts\/14149\/revisions"}],"wp:featuredmedia":[{"embeddable":true,"href":"https:\/\/pinews.com.br\/index.php\/wp-json\/"}],"wp:attachment":[{"href":"https:\/\/pinews.com.br\/index.php\/wp-json\/wp\/v2\/media?parent=14149"}],"wp:term":[{"taxonomy":"category","embeddable":true,"href":"https:\/\/pinews.com.br\/index.php\/wp-json\/wp\/v2\/categories?post=14149"},{"taxonomy":"post_tag","embeddable":true,"href":"https:\/\/pinews.com.br\/index.php\/wp-json\/wp\/v2\/tags?post=14149"}],"curies":[{"name":"wp","href":"https:\/\/api.w.org\/{rel}","templated":true}]}}