{"id":14155,"date":"2020-09-30T10:36:27","date_gmt":"2020-09-30T13:36:27","guid":{"rendered":"https:\/\/pinews.com.br\/?p=14155"},"modified":"2020-09-30T10:36:27","modified_gmt":"2020-09-30T13:36:27","slug":"mais-de-30-pessoas-morreram-vitimas-de-choque-eletrico-em-2020-no-piaui-samu-orienta-cuidados","status":"publish","type":"post","link":"https:\/\/pinews.com.br\/index.php\/2020\/09\/30\/mais-de-30-pessoas-morreram-vitimas-de-choque-eletrico-em-2020-no-piaui-samu-orienta-cuidados\/","title":{"rendered":"Mais de 30 pessoas morreram v\u00edtimas de choque el\u00e9trico em 2020 no Piau\u00ed; Samu orienta cuidados"},"content":{"rendered":"\n<p>Trinta e seis pessoas morreram v\u00edtimas choques el\u00e9tricos no estado entre os meses de janeiro a agosto de 2020, de acordo com levantamento realizado pela Secretaria da Sa\u00fade do Piau\u00ed (Sesapi). Segundo os dados apurados pelo&nbsp;<strong>G1<\/strong>, entre as v\u00edtimas, 27 eram homens (75%) e 9 mulheres (25%).<\/p>\n\n\n\n<p>No ano passado, 51 pessoas morreram ap\u00f3s sofrerem descargas el\u00e9tricas. Dentre as v\u00edtimas, 44 eram homens e sete eram mulheres.<\/p>\n\n\n\n<p>Os munic\u00edpios que apresentaram o maior n\u00famero de \u00f3bitos em decorr\u00eancia de choques el\u00e9tricos s\u00e3o Teresina e Barras com 13 e 4, respectivamente.<\/p>\n\n\n\n<h2><strong>V\u00edtimas<\/strong><\/h2>\n\n\n\n<figure class=\"wp-block-image\"><img decoding=\"async\" src=\"https:\/\/s2.glbimg.com\/ApolHHP9blJGF9Lptn-UnQd0mgk=\/0x0:1042x1280\/984x0\/smart\/filters:strip_icc()\/i.s3.glbimg.com\/v1\/AUTH_59edd422c0c84a879bd37670ae4f538a\/internal_photos\/bs\/2020\/E\/J\/2NgaxwSYyf0AqBeEbBhQ\/kerollayne1.jpg\" alt=\"Kerollayne Oliveira tinha 25 anos e faleceu v\u00edtima de descarga el\u00e9trica \u2014 Foto: Arquivo pessoal\"\/><figcaption>Kerollayne Oliveira tinha 25 anos e faleceu v\u00edtima de descarga el\u00e9trica \u2014 Foto: Arquivo pessoal<\/figcaption><\/figure>\n\n\n\n<p>No dia 12 de setembro, a empres\u00e1ria Kerollayne Oliveira, 25 anos, morreu v\u00edtima de uma forte descarga el\u00e9trica no bairro \u00c1gua Mineral, Zona Norte de Teresina.<\/p>\n\n\n\n<p>Segundo a ONG Mundo Colorido, em que a jovem era volunt\u00e1ria, ela estava lavando a lanchonete da qual era propriet\u00e1ria quando foi eletrocutada.<\/p>\n\n\n\n<p>Kerollayne era casada e deixou marido e uma filha de um ano de idade. A comemora\u00e7\u00e3o da festa de anivers\u00e1rio da menina tinha acontecido havia apenas uma semana.<\/p>\n\n\n\n<p>A jovem empres\u00e1ria tinha mais de 20 mil seguidores em seu perfil no Instagram, onde, de forma bem humorada, falava sobre os desafios da maternidade e a chamada \u201cmaternidade real\u201d.<\/p>\n\n\n\n<p>Em suas fotos publicadas, amigos e admiradores deixaram mensagens lamentando a morte de Kerollayne.<\/p>\n\n\n\n<figure class=\"wp-block-image\"><img decoding=\"async\" src=\"https:\/\/s2.glbimg.com\/rB6ooIBZchOjl1jiNJ--NAAdSPw=\/0x0:640x640\/984x0\/smart\/filters:strip_icc()\/i.s3.glbimg.com\/v1\/AUTH_59edd422c0c84a879bd37670ae4f538a\/internal_photos\/bs\/2020\/j\/Q\/lg9rt3Rt66eEXZ5AjnEw\/120144664-1028820640875953-5254720345332137172-n.jpg\" alt=\"Luigi Nascimento Sousa Sodr\u00e9, de 15 anos, morreu ap\u00f3s descarga el\u00e9trica por celular ligado \u00e0 tomada no PI \u2014 Foto: Reprodu\u00e7\u00e3o\/Facebook\"\/><figcaption>Luigi Nascimento Sousa Sodr\u00e9, de 15 anos, morreu ap\u00f3s descarga el\u00e9trica por celular ligado \u00e0 tomada no PI \u2014 Foto: Reprodu\u00e7\u00e3o\/Facebook<\/figcaption><\/figure>\n\n\n\n<p>Outra v\u00edtima foi Luigi Nascimento Sousa Sodr\u00e9, de 15 anos, que faleceu no dia 23 de setembro, na Praia de Atalaia, em Lu\u00eds Correia.<\/p>\n\n\n\n<p>O adolescente morreu ap\u00f3s sofrer uma descarga el\u00e9trica quando utilizava o celular ligado \u00e0 tomada de um bar e restaurante da cidade.<\/p>\n\n\n\n<p>De acordo com a per\u00edcia criminal do Instituto de Medicina Legal (IML), o adolescente estava jogando com o celular carregando e pegou um choque el\u00e9trico, que resultou na sua morte.<\/p>\n\n\n\n<h2>Cuidados para evitar choque<\/h2>\n\n\n\n<figure class=\"wp-block-image\"><img decoding=\"async\" src=\"https:\/\/s2.glbimg.com\/bzR5gZKoDr38kvZnAbU2u02lnW0=\/0x0:620x350\/984x0\/smart\/filters:strip_icc()\/i.s3.glbimg.com\/v1\/AUTH_59edd422c0c84a879bd37670ae4f538a\/internal_photos\/bs\/2019\/s\/Y\/ymEi6uSca7hFIABirqKw\/acidentes-domesticos-com-criancas.jpg\" alt=\"Tomadas abertas podem apresentar perigo \u00e0s crian\u00e7as e risco de choque el\u00e9trico \u2014 Foto: Divulga\u00e7\u00e3o\"\/><figcaption>Tomadas abertas podem apresentar perigo \u00e0s crian\u00e7as e risco de choque el\u00e9trico \u2014 Foto: Divulga\u00e7\u00e3o<\/figcaption><\/figure>\n\n\n\n<p>Ao<strong>&nbsp;G1<\/strong>, a enfermeira do Samu de Teresina, T\u00e2nia Furtado, listou alguns cuidados que se deve ter para evitar os choques el\u00e9tricos como manter as instala\u00e7\u00f5es el\u00e9tricas seguras, evitar \u2018gambiarras\u2019 e toques em fios.<\/p>\n\n\n\n<blockquote class=\"wp-block-quote\"><p>\u201cJamais deve ficar em fios estando molhado, com cal\u00e7ados molhados ou o ch\u00e3o molhado. Quanto ao celular ou carregador, o risco maior \u00e9 explos\u00e3o por superaquecimento e n\u00e3o de choque el\u00e9trico\u201d, destacou.<\/p><\/blockquote>\n\n\n\n<p><strong>Recomenda\u00e7\u00f5es:<\/strong><\/p>\n\n\n\n<ul><li>Certifique-se que \u00e9 seguro encostar e ajudar a v\u00edtima;<\/li><li>\u00c9 necess\u00e1rio desligar a fonte de energia antes de fazer qualquer procedimento com a v\u00edtima;<\/li><li>Na impossibilidade de desligar a chave-geral, procure separar a v\u00edtima da fonte do choque com um objeto isolante como madeira seca ou pl\u00e1stico;<\/li><li>Se a v\u00edtima tiver inconsciente, mas respirando, chamar imediatamente o socorro;<\/li><li>Se estiver inconsciente e sem pulso, a pessoa deve ligar para o 192 e deixar o celular no viva voz para receber as orienta\u00e7\u00f5es para fazer as compress\u00f5es tor\u00e1cicas e s\u00f3 parar quando a equipe de socorro chegar no local.<\/li><\/ul>\n\n\n\n<figure class=\"wp-block-image\"><img decoding=\"async\" src=\"https:\/\/s2.glbimg.com\/CEfmTIsmV_7b43V_SsJfChZXK1Y=\/0x0:768x432\/984x0\/smart\/filters:strip_icc()\/i.s3.glbimg.com\/v1\/AUTH_59edd422c0c84a879bd37670ae4f538a\/internal_photos\/bs\/2020\/q\/v\/MnzE3lRS2EAj9mnGiyUQ\/bebb7911-f87e-49b8-8f5f-bd47d761feb9.jpg\" alt=\"Cuidados com os celulares \u2014 Foto: Divulga\u00e7\u00e3o\/Equatorial\"\/><figcaption>Cuidados com os celulares \u2014 Foto: Divulga\u00e7\u00e3o\/Equatorial<\/figcaption><\/figure>\n\n\n\n<p><strong>Aten\u00e7\u00e3o com os aparelhos celulares:<\/strong><\/p>\n\n\n\n<ul><li>Evite carregar o celular em ambientes \u00famidos porque a \u00e1gua \u00e9 uma boa condutora de eletricidade. Isso faz com que os riscos de curto e de choque el\u00e9trico aumentem;<\/li><li>N\u00e3o fa\u00e7a uso de carregadores ou fones de ouvido &#8220;piratas&#8221;;<\/li><li>Jamais abra ou perfure o compartimento da bateria;<\/li><li>Leve o aparelho a uma assist\u00eancia t\u00e9cnica autorizada sempre que apresentar problema ou cair na \u00e1gua. Nunca tente abri-lo;<\/li><li>N\u00e3o carregue seu celular em instala\u00e7\u00f5es el\u00e9tricas antigas, procure trocar as tomadas seguindo o padr\u00e3o ABNT;<\/li><li>Supervisione o uso do celular pelas crian\u00e7as para que esses cuidados sejam observados.<\/li><\/ul>\n\n\n\n<p><strong>Fonte: G1 PI <\/strong><\/p>\n","protected":false},"excerpt":{"rendered":"<p>Trinta e seis pessoas morreram v\u00edtimas choques el\u00e9tricos no estado entre os meses de janeiro a agosto de 2020, de acordo com levantamento realizado pela Secretaria da Sa\u00fade do Piau\u00ed (Sesapi). Segundo os dados apurados pelo&nbsp;G1, entre as v\u00edtimas, 27 eram homens (75%) e 9 mulheres (25%). No ano passado, 51 pessoas morreram ap\u00f3s sofrerem [&hellip;]<\/p>\n","protected":false},"author":1,"featured_media":14156,"comment_status":"open","ping_status":"open","sticky":false,"template":"","format":"standard","meta":{"beyondwords_generate_audio":"","beyondwords_project_id":"","beyondwords_podcast_id":"","beyondwords_hash":"","beyondwords_error_message":"","beyondwords_disabled":"","publish_post_to_speechkit":"","speechkit_generate_audio":"","speechkit_project_id":"","speechkit_podcast_id":"","speechkit_hash":"","speechkit_error_message":"","speechkit_disabled":"","speechkit_access_key":"","speechkit_error":"","speechkit_info":"","speechkit_response":"","speechkit_retries":"","_speechkit_link":"","_speechkit_text":""},"categories":[51],"tags":[1308,780,5553,2480,44,5817,46,76,5401,5818,259,52,1596,240],"jetpack_featured_media_url":"","_links":{"self":[{"href":"https:\/\/pinews.com.br\/index.php\/wp-json\/wp\/v2\/posts\/14155"}],"collection":[{"href":"https:\/\/pinews.com.br\/index.php\/wp-json\/wp\/v2\/posts"}],"about":[{"href":"https:\/\/pinews.com.br\/index.php\/wp-json\/wp\/v2\/types\/post"}],"author":[{"embeddable":true,"href":"https:\/\/pinews.com.br\/index.php\/wp-json\/wp\/v2\/users\/1"}],"replies":[{"embeddable":true,"href":"https:\/\/pinews.com.br\/index.php\/wp-json\/wp\/v2\/comments?post=14155"}],"version-history":[{"count":0,"href":"https:\/\/pinews.com.br\/index.php\/wp-json\/wp\/v2\/posts\/14155\/revisions"}],"wp:featuredmedia":[{"embeddable":true,"href":"https:\/\/pinews.com.br\/index.php\/wp-json\/"}],"wp:attachment":[{"href":"https:\/\/pinews.com.br\/index.php\/wp-json\/wp\/v2\/media?parent=14155"}],"wp:term":[{"taxonomy":"category","embeddable":true,"href":"https:\/\/pinews.com.br\/index.php\/wp-json\/wp\/v2\/categories?post=14155"},{"taxonomy":"post_tag","embeddable":true,"href":"https:\/\/pinews.com.br\/index.php\/wp-json\/wp\/v2\/tags?post=14155"}],"curies":[{"name":"wp","href":"https:\/\/api.w.org\/{rel}","templated":true}]}}