{"id":14161,"date":"2020-09-30T10:44:29","date_gmt":"2020-09-30T13:44:29","guid":{"rendered":"https:\/\/pinews.com.br\/?p=14161"},"modified":"2020-09-30T10:44:29","modified_gmt":"2020-09-30T13:44:29","slug":"uespi-vai-fornecer-tablets-a-alunos-que-nao-tem-acesso-a-internet-confira-o-edital","status":"publish","type":"post","link":"https:\/\/pinews.com.br\/index.php\/2020\/09\/30\/uespi-vai-fornecer-tablets-a-alunos-que-nao-tem-acesso-a-internet-confira-o-edital\/","title":{"rendered":"Uespi vai fornecer tablets a alunos que n\u00e3o t\u00eam acesso \u00e0 internet; confira o edital"},"content":{"rendered":"\n<p>A Universidade Estadual do Piau\u00ed (Uespi) lan\u00e7ou, nessa segunda-feira (28), um edital para o empr\u00e9stimo de tablets para estudantes dos cursos de gradua\u00e7\u00e3o que n\u00e3o possuem ou t\u00eam baixa qualidade de acesso \u00e0 internet.<\/p>\n\n\n\n<p>O benef\u00edcio faz parte do Programa de Aux\u00edlio Inclus\u00e3o Digital. Conforme o edital, ser\u00e3o disponibilizados 1.000 tablets para todos os campus da institui\u00e7\u00e3o. O empr\u00e9stimo do aparelho eletr\u00f4nico ficar\u00e1 em vigor enquanto durar a suspens\u00e3o das atividades acad\u00eamicas presenciais e a manuten\u00e7\u00e3o das atividades n\u00e3o presenciais.<\/p>\n\n\n\n<p>As inscri\u00e7\u00f5es v\u00e3o ocorrer em duas etapas. A primeira acontecer\u00e1 no per\u00edodo de primeiro a 11 de outubro de 2020. O interessado dever\u00e1 enviar a documenta\u00e7\u00e3o digitalizada solicitada no edital para o email&nbsp;<strong>auxilioinclusaodigital@prex.uespi.brv.<\/strong><\/p>\n\n\n\n<p>A segunda etapa ser\u00e1 composta por tr\u00eas fases: triagem da documenta\u00e7\u00e3o, an\u00e1lise da situa\u00e7\u00e3o socioecon\u00f4mica e entrevista social (online, conforme a necessidade do aluno).<\/p>\n\n\n\n<p><strong>Confira a documenta\u00e7\u00e3o necess\u00e1ria:<\/strong><\/p>\n\n\n\n<ul><li>Hist\u00f3rico Acad\u00eamico atualizado e comprovante de Matr\u00edcula Curricular ou Declara\u00e7\u00e3o de v\u00ednculo atualizada;<\/li><li>C\u00f3pia do RG e CPF do candidato e dos demais membros da fam\u00edlia;<\/li><li>C\u00f3pias de comprovantes de resid\u00eancia:<\/li><\/ul>\n\n\n\n<p><em>a) Com endere\u00e7o e consumo de \u00e1gua e energia el\u00e9trica atualizados;<\/em><\/p>\n\n\n\n<p><em>b) Recibo ou contrato de loca\u00e7\u00e3o de im\u00f3vel, caso resida de aluguel;<\/em><\/p>\n\n\n\n<p><em>c) Comprovante de pagamento da taxa de manuten\u00e7\u00e3o, caso resida em moradia estudantil.<\/em><\/p>\n\n\n\n<ul><li>Comprovante de renda familiar, conforme as situa\u00e7\u00f5es:<\/li><li>Trabalho formal: contracheque referente ao m\u00eas de agosto de 2020;<\/li><li>Trabalho informal: Declara\u00e7\u00e3o constando o tipo de atividade e renda mensal (ANEXO IV).<\/li><li>C\u00f3pia do cart\u00e3o e extrato banc\u00e1rio atualizado, se benefici\u00e1rio de Programas Sociais (Bolsa Fam\u00edlia, Benef\u00edcio de Presta\u00e7\u00e3o Continuada e outros).<\/li><li>Atestado, receita ou laudo m\u00e9dico, em caso de membro familiar com defici\u00eancia e\/ou doen\u00e7a cr\u00f4nica.<\/li><\/ul>\n\n\n\n<p><strong>Confira os requisitos para o aux\u00edlio:<\/strong><\/p>\n\n\n\n<ul><li>Ser aluno de cursos presenciais de gradua\u00e7\u00e3o da UESPI;<\/li><li>Estar regularmente matriculado\/a em componentes curriculares e\/ou atividades acad\u00eamicas que<\/li><li>est\u00e3o sendo ofertadas de forma n\u00e3o presencial;<\/li><li>Declarar n\u00e3o possuir acesso \u00e0 internet e\/ou baixa qualidade para o desenvolvimento das atividades n\u00e3o presenciais;<\/li><li>Declarar n\u00e3o possuir equipamento para o desenvolvimento das atividades n\u00e3o presenciais;<\/li><li>Possuir renda per capta mensal de at\u00e9 meio sal\u00e1rio m\u00ednimo ou renda familiar mensal de at\u00e9 tr\u00eas sal\u00e1rios m\u00ednimos.<\/li><\/ul>\n\n\n\n<p><strong>Fonte: G1 PI <\/strong><\/p>\n","protected":false},"excerpt":{"rendered":"<p>A Universidade Estadual do Piau\u00ed (Uespi) lan\u00e7ou, nessa segunda-feira (28), um edital para o empr\u00e9stimo de tablets para estudantes dos cursos de gradua\u00e7\u00e3o que n\u00e3o possuem ou t\u00eam baixa qualidade de acesso \u00e0 internet. O benef\u00edcio faz parte do Programa de Aux\u00edlio Inclus\u00e3o Digital. Conforme o edital, ser\u00e3o disponibilizados 1.000 tablets para todos os campus [&hellip;]<\/p>\n","protected":false},"author":6,"featured_media":14162,"comment_status":"open","ping_status":"open","sticky":false,"template":"","format":"standard","meta":{"beyondwords_generate_audio":"","beyondwords_project_id":"","beyondwords_podcast_id":"","beyondwords_hash":"","beyondwords_error_message":"","beyondwords_disabled":"","publish_post_to_speechkit":"","speechkit_generate_audio":"","speechkit_project_id":"","speechkit_podcast_id":"","speechkit_hash":"","speechkit_error_message":"","speechkit_disabled":"","speechkit_access_key":"","speechkit_error":"","speechkit_info":"","speechkit_response":"","speechkit_retries":"","_speechkit_link":"","_speechkit_text":""},"categories":[394,134],"tags":[794,5819,2426,5820,5821,5822,1931,653,5823,60,1528,1089],"jetpack_featured_media_url":"","_links":{"self":[{"href":"https:\/\/pinews.com.br\/index.php\/wp-json\/wp\/v2\/posts\/14161"}],"collection":[{"href":"https:\/\/pinews.com.br\/index.php\/wp-json\/wp\/v2\/posts"}],"about":[{"href":"https:\/\/pinews.com.br\/index.php\/wp-json\/wp\/v2\/types\/post"}],"author":[{"embeddable":true,"href":"https:\/\/pinews.com.br\/index.php\/wp-json\/wp\/v2\/users\/6"}],"replies":[{"embeddable":true,"href":"https:\/\/pinews.com.br\/index.php\/wp-json\/wp\/v2\/comments?post=14161"}],"version-history":[{"count":0,"href":"https:\/\/pinews.com.br\/index.php\/wp-json\/wp\/v2\/posts\/14161\/revisions"}],"wp:featuredmedia":[{"embeddable":true,"href":"https:\/\/pinews.com.br\/index.php\/wp-json\/"}],"wp:attachment":[{"href":"https:\/\/pinews.com.br\/index.php\/wp-json\/wp\/v2\/media?parent=14161"}],"wp:term":[{"taxonomy":"category","embeddable":true,"href":"https:\/\/pinews.com.br\/index.php\/wp-json\/wp\/v2\/categories?post=14161"},{"taxonomy":"post_tag","embeddable":true,"href":"https:\/\/pinews.com.br\/index.php\/wp-json\/wp\/v2\/tags?post=14161"}],"curies":[{"name":"wp","href":"https:\/\/api.w.org\/{rel}","templated":true}]}}