{"id":14173,"date":"2020-09-30T18:45:23","date_gmt":"2020-09-30T21:45:23","guid":{"rendered":"https:\/\/pinews.com.br\/?p=14173"},"modified":"2020-09-30T18:45:23","modified_gmt":"2020-09-30T21:45:23","slug":"mp-pi-expede-recomendacao-aos-partidos-politicos-candidatos-e-coligacoes-da-zona-eleitoral-de-fronteiras","status":"publish","type":"post","link":"https:\/\/pinews.com.br\/index.php\/2020\/09\/30\/mp-pi-expede-recomendacao-aos-partidos-politicos-candidatos-e-coligacoes-da-zona-eleitoral-de-fronteiras\/","title":{"rendered":"MP-PI expede recomenda\u00e7\u00e3o aos partidos pol\u00edticos, candidatos e coliga\u00e7\u00f5es da Zona Eleitoral de Fronteiras"},"content":{"rendered":"\n<p>A Promotoria de Justi\u00e7a da 40\u00aa Zona Eleitoral do Piau\u00ed, que compreende os munic\u00edpios de Fronteiras, Alegrete do Piau\u00ed, Caldeir\u00e3o Grande do Piau\u00ed e S\u00e3o Juli\u00e3o, expediu no \u00faltimo s\u00e1bado, 26 de setembro, recomenda\u00e7\u00e3o eleitoral aos partidos pol\u00edticos, coliga\u00e7\u00f5es e candidatos com orienta\u00e7\u00f5es sobre as medidas a serem adotadas para cumprimento das regras sanit\u00e1rias em preven\u00e7\u00e3o e combate \u00e0 Covid-19, segundo Orienta\u00e7\u00e3o Normativa Conjunta PRE\/PGJ\/PI N\u00ba 01\/2020.<\/p>\n\n\n\n<p>As primeiras orienta\u00e7\u00f5es do documento instruem as organiza\u00e7\u00f5es pol\u00edticas a investirem de forma priorit\u00e1ria na realiza\u00e7\u00e3o de campanhas pol\u00edticas por meios digitais e nos ve\u00edculos de comunica\u00e7\u00e3o, como as redes sociais digitais, televis\u00e3o e r\u00e1dio, evitando a distribui\u00e7\u00e3o de materiais impressos aos eleitores. Outra orienta\u00e7\u00e3o diz respeito a evitarem a realiza\u00e7\u00e3o de eventos que causem grande aglomera\u00e7\u00e3o de pessoas, a exemplo de reuni\u00f5es presenciais, com\u00edcio, caminhadas e carreatas. Caso promovam reuni\u00f5es presenciais, os organizadores devem obedecer \u00e0s regras de ocupa\u00e7\u00e3o da \u00e1rea de 4 m\u00b2 por pessoa, fazendo uso correto da m\u00e1scara e com higieniza\u00e7\u00e3o das m\u00e3os por todos os participantes.<\/p>\n\n\n\n<p>Os locais onde ser\u00e3o feitos esses encontros devem ser prioritariamente abertos ou semiabertos com ventila\u00e7\u00e3o natural. As cadeiras devem estar organizadas de forma a atender o distanciamento de 2 metros em cada uma das laterais e frente. Em locais onde as cadeiras forem fixas, deve-se isolar alguns assentos para se garantir o distanciamento de 2 metros entre os participantes. Os ambientes dessas reuni\u00f5es precisam ser limpos e desinfetados em suas \u00e1reas internas e externas com hipoclorito de s\u00f3dio de 0,1% a 0,5% por borrifa\u00e7\u00e3o, em solu\u00e7\u00e3o com \u00e1gua. Realizar frequente desinfec\u00e7\u00e3o com \u00e1lcool 70% ou hipoclorito de s\u00f3dio com fric\u00e7\u00e3o de superf\u00edcies, como balc\u00f5es, ma\u00e7anetas, corrim\u00e3os, interruptores, torneiras, mobili\u00e1rios (mesas, cadeiras, etc.), equipamentos e componentes de inform\u00e1tica (teclado, mouse, etc.) equipamentos eletr\u00f4nicos e de telefonia, como r\u00e1dio transmissores, celulares, elevadores, entre outros.<\/p>\n\n\n\n<p>\u00c9 necess\u00e1rio que os organizadores de reuni\u00f5es presenciais disponibilizem pias com \u00e1gua, sab\u00e3o, papel toalha e lixeira com tampa acionada por pedal e\/ou \u00e1lcool a 70% em locais estrat\u00e9gicos.<\/p>\n\n\n\n<p>O promotor de Justi\u00e7a Cez\u00e1rio Cavalcante Neto finaliza a recomenda\u00e7\u00e3o advertindo que, em caso de descumprimento das orienta\u00e7\u00f5es, o Minist\u00e9rio P\u00fablico poder\u00e1 ingressar com representa\u00e7\u00e3o perante a Justi\u00e7a Eleitoral com solicita\u00e7\u00e3o do exerc\u00edcio do poder de pol\u00edcia e, quando for o caso, multa; al\u00e9m de compartilhar as informa\u00e7\u00f5es com representantes da \u00e1rea de sa\u00fade, para ado\u00e7\u00e3o das provid\u00eancias cab\u00edveis quanto \u00e0 inobserv\u00e2ncia das normas sanit\u00e1rias.<\/p>\n\n\n\n<p><strong>Fonte: ASCOM MP-PI<\/strong><\/p>\n","protected":false},"excerpt":{"rendered":"<p>A Promotoria de Justi\u00e7a da 40\u00aa Zona Eleitoral do Piau\u00ed, que compreende os munic\u00edpios de Fronteiras, Alegrete do Piau\u00ed, Caldeir\u00e3o Grande do Piau\u00ed e S\u00e3o Juli\u00e3o, expediu no \u00faltimo s\u00e1bado, 26 de setembro, recomenda\u00e7\u00e3o eleitoral aos partidos pol\u00edticos, coliga\u00e7\u00f5es e candidatos com orienta\u00e7\u00f5es sobre as medidas a serem adotadas para cumprimento das regras sanit\u00e1rias em [&hellip;]<\/p>\n","protected":false},"author":6,"featured_media":14174,"comment_status":"open","ping_status":"open","sticky":false,"template":"","format":"standard","meta":{"beyondwords_generate_audio":"","beyondwords_project_id":"","beyondwords_podcast_id":"","beyondwords_hash":"","beyondwords_error_message":"","beyondwords_disabled":"","publish_post_to_speechkit":"","speechkit_generate_audio":"","speechkit_project_id":"","speechkit_podcast_id":"","speechkit_hash":"","speechkit_error_message":"","speechkit_disabled":"","speechkit_access_key":"","speechkit_error":"","speechkit_info":"","speechkit_response":"","speechkit_retries":"","_speechkit_link":"","_speechkit_text":""},"categories":[124,51],"tags":[142,5734,5832,122,44,5723,5833,184,1058,4837,5834,5835,97],"jetpack_featured_media_url":"","_links":{"self":[{"href":"https:\/\/pinews.com.br\/index.php\/wp-json\/wp\/v2\/posts\/14173"}],"collection":[{"href":"https:\/\/pinews.com.br\/index.php\/wp-json\/wp\/v2\/posts"}],"about":[{"href":"https:\/\/pinews.com.br\/index.php\/wp-json\/wp\/v2\/types\/post"}],"author":[{"embeddable":true,"href":"https:\/\/pinews.com.br\/index.php\/wp-json\/wp\/v2\/users\/6"}],"replies":[{"embeddable":true,"href":"https:\/\/pinews.com.br\/index.php\/wp-json\/wp\/v2\/comments?post=14173"}],"version-history":[{"count":0,"href":"https:\/\/pinews.com.br\/index.php\/wp-json\/wp\/v2\/posts\/14173\/revisions"}],"wp:featuredmedia":[{"embeddable":true,"href":"https:\/\/pinews.com.br\/index.php\/wp-json\/"}],"wp:attachment":[{"href":"https:\/\/pinews.com.br\/index.php\/wp-json\/wp\/v2\/media?parent=14173"}],"wp:term":[{"taxonomy":"category","embeddable":true,"href":"https:\/\/pinews.com.br\/index.php\/wp-json\/wp\/v2\/categories?post=14173"},{"taxonomy":"post_tag","embeddable":true,"href":"https:\/\/pinews.com.br\/index.php\/wp-json\/wp\/v2\/tags?post=14173"}],"curies":[{"name":"wp","href":"https:\/\/api.w.org\/{rel}","templated":true}]}}