{"id":14214,"date":"2020-10-01T11:29:53","date_gmt":"2020-10-01T14:29:53","guid":{"rendered":"https:\/\/pinews.com.br\/?p=14214"},"modified":"2020-10-01T11:29:53","modified_gmt":"2020-10-01T14:29:53","slug":"estudante-do-sertao-piauiense-e-escolhido-para-representar-o-brasil-em-programa-dos-eua","status":"publish","type":"post","link":"https:\/\/pinews.com.br\/index.php\/2020\/10\/01\/estudante-do-sertao-piauiense-e-escolhido-para-representar-o-brasil-em-programa-dos-eua\/","title":{"rendered":"Estudante do sert\u00e3o piauiense \u00e9 escolhido para representar o Brasil em programa dos EUA"},"content":{"rendered":"\n<p>A educa\u00e7\u00e3o \u00e9 capaz de mudar o curso da hist\u00f3ria, por mais adversa que ela seja. \u00c9 o caso do estudante piauiense Allan Lira. Nascido no interior de S\u00e3o Jo\u00e3o do Piau\u00ed,  ele enfrentou as maiores dificuldades para conseguir estudar. Desde cedo, Allan compreendeu que para mudar de vida e romper o ciclo de pobreza do lugar onde vivia precisaria estudar muito. N\u00e3o havia escola perto de casa e, como tantos outros estudantes do interior, ele subia em um caminh\u00e3o pau-de-arara diariamente para ir at\u00e9 o col\u00e9gio mais pr\u00f3ximo.<\/p>\n\n\n\n<figure class=\"wp-block-image size-large\"><img decoding=\"async\" src=\"https:\/\/pinews.com.br\/wp-content\/uploads\/2020\/10\/ALLAN.jpg\" alt=\"\" class=\"wp-image-14215\"\/><figcaption>Reprodu\u00e7\u00e3o <\/figcaption><\/figure>\n\n\n\n<p>O pai \u00e9 um agricultor analfabeto. Allan entendeu que precisaria ir mais longe e n\u00e3o mediu esfor\u00e7os para prosseguir nos estudos. O aluno de escola p\u00fablica conseguiu uma bolsa do ProUni e hoje cursa Direito em Teresina. Com um olhar voltado para a realidade que o cerca, tornou-se volunt\u00e1rio do Fundo das Na\u00e7\u00f5es Unidas para a Inf\u00e2ncia \u2013 UNICEF.<\/p>\n\n\n\n<p>Agora, o jovem piauiense d\u00e1 um salto mais alto. Ele acaba de ser selecionado para representar o Brasil na Academia de Lideran\u00e7a da Am\u00e9rica Latina, em Medell\u00edn, na Col\u00f4mbia. Este \u00e9 um programa criado por norte-americanos &nbsp;que re\u00fane jovens l\u00edderes representantes de diversos pa\u00edses da Am\u00e9rica Latina e \u00e9 uma esp\u00e9cie de passaporte para quem sonha com uma vaga nas melhores universidades dos EUA, como a de Harvard. Antes, Allan j\u00e1 havia representado o Piau\u00ed em um encontro de l\u00edderes jovens dessa mesma organiza\u00e7\u00e3o, sediado em S\u00e3o Paulo.<\/p>\n\n\n\n<p>O menino de S\u00e3o Jo\u00e3o do Piau\u00ed nunca se conformou com o determinismo esperado aos que nascem no seio de uma fam\u00edlia pobre no sert\u00e3o piauiense. \u201cAs pessoas sempre tentaram me dizer qual era o meu lugar na sociedade, que eu s\u00f3 estudaria at\u00e9 o fundamental.\u201d Determinado, planejou seu caminho trilhado no bem que \u00e9 universal e eterno: a educa\u00e7\u00e3o. Agora, ele j\u00e1 faz planos para o futuro. E sabe qual \u00e9? Cursar o mestrado em Harvard. Ainda bem que Allan n\u00e3o acreditou no que lhe disseram quando ele ainda era crian\u00e7a.<\/p>\n\n\n\n<figure class=\"wp-block-embed-youtube wp-block-embed is-type-video is-provider-youtube wp-embed-aspect-16-9 wp-has-aspect-ratio\"><div class=\"wp-block-embed__wrapper\">\n<iframe loading=\"lazy\" title=\"Piauiense vai representar o Brasil na Col\u00f4mbia\" width=\"1170\" height=\"658\" src=\"https:\/\/www.youtube.com\/embed\/G5P745hS3LA?feature=oembed\" frameborder=\"0\" allow=\"accelerometer; autoplay; clipboard-write; encrypted-media; gyroscope; picture-in-picture; web-share\" allowfullscreen><\/iframe>\n<\/div><\/figure>\n\n\n\n<p><strong>Fonte: Cidade Verde <\/strong><\/p>\n","protected":false},"excerpt":{"rendered":"<p>A educa\u00e7\u00e3o \u00e9 capaz de mudar o curso da hist\u00f3ria, por mais adversa que ela seja. \u00c9 o caso do estudante piauiense Allan Lira. Nascido no interior de S\u00e3o Jo\u00e3o do Piau\u00ed, ele enfrentou as maiores dificuldades para conseguir estudar. Desde cedo, Allan compreendeu que para mudar de vida e romper o ciclo de pobreza [&hellip;]<\/p>\n","protected":false},"author":1,"featured_media":14216,"comment_status":"open","ping_status":"open","sticky":false,"template":"","format":"standard","meta":{"beyondwords_generate_audio":"","beyondwords_project_id":"","beyondwords_podcast_id":"","beyondwords_hash":"","beyondwords_error_message":"","beyondwords_disabled":"","publish_post_to_speechkit":"","speechkit_generate_audio":"","speechkit_project_id":"","speechkit_podcast_id":"","speechkit_hash":"","speechkit_error_message":"","speechkit_disabled":"","speechkit_access_key":"","speechkit_error":"","speechkit_info":"","speechkit_response":"","speechkit_retries":"","_speechkit_link":"","_speechkit_text":""},"categories":[394,51],"tags":[1093,478,72,46,5851,529,2359,350,511,5410,5852,5853],"jetpack_featured_media_url":"","_links":{"self":[{"href":"https:\/\/pinews.com.br\/index.php\/wp-json\/wp\/v2\/posts\/14214"}],"collection":[{"href":"https:\/\/pinews.com.br\/index.php\/wp-json\/wp\/v2\/posts"}],"about":[{"href":"https:\/\/pinews.com.br\/index.php\/wp-json\/wp\/v2\/types\/post"}],"author":[{"embeddable":true,"href":"https:\/\/pinews.com.br\/index.php\/wp-json\/wp\/v2\/users\/1"}],"replies":[{"embeddable":true,"href":"https:\/\/pinews.com.br\/index.php\/wp-json\/wp\/v2\/comments?post=14214"}],"version-history":[{"count":0,"href":"https:\/\/pinews.com.br\/index.php\/wp-json\/wp\/v2\/posts\/14214\/revisions"}],"wp:featuredmedia":[{"embeddable":true,"href":"https:\/\/pinews.com.br\/index.php\/wp-json\/"}],"wp:attachment":[{"href":"https:\/\/pinews.com.br\/index.php\/wp-json\/wp\/v2\/media?parent=14214"}],"wp:term":[{"taxonomy":"category","embeddable":true,"href":"https:\/\/pinews.com.br\/index.php\/wp-json\/wp\/v2\/categories?post=14214"},{"taxonomy":"post_tag","embeddable":true,"href":"https:\/\/pinews.com.br\/index.php\/wp-json\/wp\/v2\/tags?post=14214"}],"curies":[{"name":"wp","href":"https:\/\/api.w.org\/{rel}","templated":true}]}}