{"id":14223,"date":"2020-10-01T19:01:38","date_gmt":"2020-10-01T22:01:38","guid":{"rendered":"https:\/\/pinews.com.br\/?p=14223"},"modified":"2020-10-01T19:01:38","modified_gmt":"2020-10-01T22:01:38","slug":"delegado-pede-que-populacao-nao-divulgue-blitz-em-rede-social","status":"publish","type":"post","link":"https:\/\/pinews.com.br\/index.php\/2020\/10\/01\/delegado-pede-que-populacao-nao-divulgue-blitz-em-rede-social\/","title":{"rendered":"Delegado pede que popula\u00e7\u00e3o n\u00e3o divulgue blitz em rede social"},"content":{"rendered":"\n<p>O delegado Everton Ferrer , coordenador da Polinter, pede o apoio da popula\u00e7\u00e3o para que as pessoas n\u00e3o coloquem nas redes sociais, principalmente em grupo de WhatsApp, os pontos de blitz e bloqueios policiais. Essa divulga\u00e7\u00e3o pode facilitar a a\u00e7\u00e3o de criminosos que mudam a rota ao tomar conhecimento do bloqueio policial.<\/p>\n\n\n\n<p>\u201cIsso reflete contra ela mesma&nbsp; (contra a pr\u00f3pria popula\u00e7\u00e3o). O criminoso que deixou de ser abordado (em uma blitz)&nbsp; pode assaltar algu\u00e9m l\u00e1 na frente ou algu\u00e9m at\u00e9 ligada a essa pessoa que colocou a informa\u00e7\u00e3o (nas redes sociais)\u201d.<\/p>\n\n\n\n<p>Desde quarta-feira (30), a Pol\u00edcia Civil do Piau\u00ed \u2013 com coordena\u00e7\u00e3o da Polinter \u2013 iniciou a segunda fase da Opera\u00e7\u00e3o Cerco Fechado.&nbsp; A Pol\u00edcia Civil informa que \u201cser\u00e3o feitas abordagens a pessoas e ve\u00edculos em v\u00e1rios pontos da cidade, de forma din\u00e2mica, para tirar de circula\u00e7\u00e3o indiv\u00edduos com mandados de pris\u00e3o em aberto, apreender ve\u00edculos roubados e furtados e coibir outras pr\u00e1ticas criminosas\u201d.<\/p>\n\n\n\n<p>A opera\u00e7\u00e3o iniciou na quarta-feira (30) na zona Sudeste e no Centro da capital; mais de 400 ve\u00edculos foram abordados.&nbsp; Desses, um carro foi apreendido por estar com os sinais identificadores adulterados.<\/p>\n\n\n\n<p>O delegado ressalta que a opera\u00e7\u00e3o tamb\u00e9m serve como forma de preven\u00e7\u00e3o para evitar novos furtos e roubos. \u201cN\u00f3s, da Polinter, trabalhos com o p\u00f3s-crime, com a repress\u00e3o. Mas tamb\u00e9m estamos contribuindo com o trabalho preventivo para evitar que cheguem novas ocorr\u00eancias e aumente a sobrecarga\u201d.<\/p>\n\n\n\n<p>\u201cN\u00f3s nos unimos com outros distritos, com as especializadas e as ger\u00eancias. O delegado geral (da Pol\u00edcia Civil) pediu que n\u00f3s fizemos esse trabalho agora, DE intensificar, e que n\u00e3o tem hora para terminar. Vamos intensificar as a\u00e7\u00f5es pare reduzir os \u00edndices\u201d.<\/p>\n\n\n\n<p><strong>Dados<\/strong><\/p>\n\n\n\n<p>O delegado comenta que a depender do dia o registro da Polinter \u2013&nbsp; por furtos e roubos de ve\u00edculos \u2013 chega a ter 20 ocorr\u00eancias. Ele ressalta que mais de 80% dos ve\u00edculos roubados\/furtados em 2020 foram recuperados no Piau\u00ed.<\/p>\n\n\n\n<p>\u201cO que chama a aten\u00e7\u00e3o \u00e9 a quest\u00e3o da motocicleta porque 2\/3 dos ve\u00edculos roubados s\u00e3o motocicletas. O \u00edndice de recupera\u00e7\u00e3o ainda n\u00e3o \u00e9 satisfat\u00f3rio. Est\u00e1 na casa de 50% (de motos recuperadas). Estamos fazendo essas a\u00e7\u00f5es para tentar recuperar esse patrim\u00f4nio, al\u00e9m de tirar os criminosos de circula\u00e7\u00e3o\u201d.<\/p>\n\n\n\n<p><strong>Fonte: Cidade Verde<\/strong><\/p>\n","protected":false},"excerpt":{"rendered":"<p>O delegado Everton Ferrer , coordenador da Polinter, pede o apoio da popula\u00e7\u00e3o para que as pessoas n\u00e3o coloquem nas redes sociais, principalmente em grupo de WhatsApp, os pontos de blitz e bloqueios policiais. Essa divulga\u00e7\u00e3o pode facilitar a a\u00e7\u00e3o de criminosos que mudam a rota ao tomar conhecimento do bloqueio policial. \u201cIsso reflete contra [&hellip;]<\/p>\n","protected":false},"author":1,"featured_media":14224,"comment_status":"open","ping_status":"open","sticky":false,"template":"","format":"standard","meta":{"beyondwords_generate_audio":"","beyondwords_project_id":"","beyondwords_podcast_id":"","beyondwords_hash":"","beyondwords_error_message":"","beyondwords_disabled":"","publish_post_to_speechkit":"","speechkit_generate_audio":"","speechkit_project_id":"","speechkit_podcast_id":"","speechkit_hash":"","speechkit_error_message":"","speechkit_disabled":"","speechkit_access_key":"","speechkit_error":"","speechkit_info":"","speechkit_response":"","speechkit_retries":"","_speechkit_link":"","_speechkit_text":""},"categories":[51,78],"tags":[1040,599,5856,46,653,723,1914,985,5857],"jetpack_featured_media_url":"","_links":{"self":[{"href":"https:\/\/pinews.com.br\/index.php\/wp-json\/wp\/v2\/posts\/14223"}],"collection":[{"href":"https:\/\/pinews.com.br\/index.php\/wp-json\/wp\/v2\/posts"}],"about":[{"href":"https:\/\/pinews.com.br\/index.php\/wp-json\/wp\/v2\/types\/post"}],"author":[{"embeddable":true,"href":"https:\/\/pinews.com.br\/index.php\/wp-json\/wp\/v2\/users\/1"}],"replies":[{"embeddable":true,"href":"https:\/\/pinews.com.br\/index.php\/wp-json\/wp\/v2\/comments?post=14223"}],"version-history":[{"count":0,"href":"https:\/\/pinews.com.br\/index.php\/wp-json\/wp\/v2\/posts\/14223\/revisions"}],"wp:featuredmedia":[{"embeddable":true,"href":"https:\/\/pinews.com.br\/index.php\/wp-json\/"}],"wp:attachment":[{"href":"https:\/\/pinews.com.br\/index.php\/wp-json\/wp\/v2\/media?parent=14223"}],"wp:term":[{"taxonomy":"category","embeddable":true,"href":"https:\/\/pinews.com.br\/index.php\/wp-json\/wp\/v2\/categories?post=14223"},{"taxonomy":"post_tag","embeddable":true,"href":"https:\/\/pinews.com.br\/index.php\/wp-json\/wp\/v2\/tags?post=14223"}],"curies":[{"name":"wp","href":"https:\/\/api.w.org\/{rel}","templated":true}]}}