{"id":14273,"date":"2020-10-02T19:08:26","date_gmt":"2020-10-02T22:08:26","guid":{"rendered":"https:\/\/pinews.com.br\/?p=14273"},"modified":"2020-10-02T19:08:26","modified_gmt":"2020-10-02T22:08:26","slug":"focos-de-queimadas-crescem-e-piaui-ocupa-a-2a-colocacao-no-ranking-do-nordeste","status":"publish","type":"post","link":"https:\/\/pinews.com.br\/index.php\/2020\/10\/02\/focos-de-queimadas-crescem-e-piaui-ocupa-a-2a-colocacao-no-ranking-do-nordeste\/","title":{"rendered":"Focos de queimadas crescem e Piau\u00ed ocupa a 2\u00aa coloca\u00e7\u00e3o no ranking do Nordeste"},"content":{"rendered":"\n<p>O Piau\u00ed ocupa a 2\u00aa coloca\u00e7\u00e3o em quantidade de focos de queimadas na regi\u00e3o nordeste, atr\u00e1s apenas do Maranh\u00e3o. . Os dados constam no sistema de monitoramento do Instituto Nacional de Pesquisas Espaciais (Inpe), que mostram que o Estado registrou no \u00faltimo m\u00eas de setembro 3234 focos.<\/p>\n\n\n\n<p>O per\u00edodo coincide com o in\u00edcio do chamado B-R-O Br\u00f3, marcado pelo aumento de temperaturas e baixa umidade do ar. Apesar de sazonal, a situa\u00e7\u00e3o preocupa o Corpo de Bombeiros e autoridades municipais.<\/p>\n\n\n\n<p>O tenente coronel Jos\u00e9 Veloso, rela\u00e7\u00f5es p\u00fablicas do Corpo de Bombeiros, lembra que o Piau\u00ed possui condi\u00e7\u00f5es favor\u00e1veis \u00e0 propaga\u00e7\u00e3o do fogo, mas a a\u00e7\u00e3o humana tamb\u00e9m tem uma contribui\u00e7\u00e3o efetiva para essa realidade.<\/p>\n\n\n\n<p>\u201cN\u00f3s temos as condi\u00e7\u00f5es clim\u00e1ticas que s\u00e3o relacionadas \u00e0 propaga\u00e7\u00e3o, como temperatura elevada, baixa umidade do ar e ventila\u00e7\u00e3o intensa nesse per\u00edodo. Temos tamb\u00e9m o fator humano, que \u00e9 a cultura do nosso Estado. O plantio&nbsp; \u00e9 sempre nesse per\u00edodo, de setembro a outubro, e \u00e9 marcado pela quest\u00e3o da queimada para preparar o solo\u201d, explica.<\/p>\n\n\n\n<p><em>Foto: Divulga\u00e7\u00e3o\/ Corpo de Bombeiros<\/em><\/p>\n\n\n\n<p><img decoding=\"async\" src=\"https:\/\/cidadeverde.com\/assets\/uploads\/noticias\/b0eabf407676792356a2570c8853bb20.jpg\"><br><strong>Munic\u00edpios sofrem com impacto das queimadas<\/strong><\/p>\n\n\n\n<p>Munic\u00edpios de diversas regi\u00f5es do Piau\u00ed sofrem com o impacto das queimadas. Em Pedro II, Domingos Mour\u00e3o e Lagoa de S\u00e3o Francisco no norte do Estado, os focos de queimadas j\u00e1 duram mais de um m\u00eas. Al\u00e9m de combater o fogo, as equipes do Corpo de Bombeiros trabalham para evitar preju\u00edzos aos moradores de comunidades que atingidas.<\/p>\n\n\n\n<p>\u201cConseguimos contornar a linha de fogo para que n\u00e3o fosse para dentro das comunidades, mas tem fagulhas que est\u00e3o saindo a quase 500 metros do local\u201d, relatou o major Rivelino&nbsp;Moura, comandante do Corpo de Bombeiros de Parna\u00edba, que coordena a opera\u00e7\u00e3o de combate \u00e0s queimadas.<\/p>\n\n\n\n<p>Na regi\u00e3o, o fogo se espalha por uma ar\u00e9a de mais de 10 Km de extens\u00e3o, chegando nas proximidades das comunidades Tapera do Vital, Assentamento nova terra,Assentamento boa esperan\u00e7a, Carnaubal e&nbsp; Madeira cortada<\/p>\n\n\n\n<p>Em Canto do Buriti, distante cerca de 400 Km ao sul da capital, a situa\u00e7\u00e3o tamb\u00e9m \u00e9 preocupante. Os focos de queimadas na regi\u00e3o j\u00e1 duram maios de 15 dias, atingindo \u00e1reas produtivas do Assentamento Santa Clara. O fogo tamb\u00e9m chegou a atingir uma rede de transmiss\u00e3o de energia na regi\u00e3o.<\/p>\n\n\n\n<p><strong>Fonte: Cidade Verde<\/strong><\/p>\n","protected":false},"excerpt":{"rendered":"<p>O Piau\u00ed ocupa a 2\u00aa coloca\u00e7\u00e3o em quantidade de focos de queimadas na regi\u00e3o nordeste, atr\u00e1s apenas do Maranh\u00e3o. . Os dados constam no sistema de monitoramento do Instituto Nacional de Pesquisas Espaciais (Inpe), que mostram que o Estado registrou no \u00faltimo m\u00eas de setembro 3234 focos. O per\u00edodo coincide com o in\u00edcio do chamado [&hellip;]<\/p>\n","protected":false},"author":1,"featured_media":14274,"comment_status":"open","ping_status":"open","sticky":false,"template":"","format":"standard","meta":{"beyondwords_generate_audio":"","beyondwords_project_id":"","beyondwords_podcast_id":"","beyondwords_hash":"","beyondwords_error_message":"","beyondwords_disabled":"","publish_post_to_speechkit":"","speechkit_generate_audio":"","speechkit_project_id":"","speechkit_podcast_id":"","speechkit_hash":"","speechkit_error_message":"","speechkit_disabled":"","speechkit_access_key":"","speechkit_error":"","speechkit_info":"","speechkit_response":"","speechkit_retries":"","_speechkit_link":"","_speechkit_text":""},"categories":[51],"tags":[5903,5904,5905,44,5772,1255,5906,52,4109,2489],"jetpack_featured_media_url":"","_links":{"self":[{"href":"https:\/\/pinews.com.br\/index.php\/wp-json\/wp\/v2\/posts\/14273"}],"collection":[{"href":"https:\/\/pinews.com.br\/index.php\/wp-json\/wp\/v2\/posts"}],"about":[{"href":"https:\/\/pinews.com.br\/index.php\/wp-json\/wp\/v2\/types\/post"}],"author":[{"embeddable":true,"href":"https:\/\/pinews.com.br\/index.php\/wp-json\/wp\/v2\/users\/1"}],"replies":[{"embeddable":true,"href":"https:\/\/pinews.com.br\/index.php\/wp-json\/wp\/v2\/comments?post=14273"}],"version-history":[{"count":0,"href":"https:\/\/pinews.com.br\/index.php\/wp-json\/wp\/v2\/posts\/14273\/revisions"}],"wp:featuredmedia":[{"embeddable":true,"href":"https:\/\/pinews.com.br\/index.php\/wp-json\/"}],"wp:attachment":[{"href":"https:\/\/pinews.com.br\/index.php\/wp-json\/wp\/v2\/media?parent=14273"}],"wp:term":[{"taxonomy":"category","embeddable":true,"href":"https:\/\/pinews.com.br\/index.php\/wp-json\/wp\/v2\/categories?post=14273"},{"taxonomy":"post_tag","embeddable":true,"href":"https:\/\/pinews.com.br\/index.php\/wp-json\/wp\/v2\/tags?post=14273"}],"curies":[{"name":"wp","href":"https:\/\/api.w.org\/{rel}","templated":true}]}}