{"id":14282,"date":"2020-10-02T19:27:09","date_gmt":"2020-10-02T22:27:09","guid":{"rendered":"https:\/\/pinews.com.br\/?p=14282"},"modified":"2020-10-02T19:27:09","modified_gmt":"2020-10-02T22:27:09","slug":"acidente-envolvendo-quatro-veiculos-deixa-tres-pessoas-feridas-na-br-135-no-sul-do-piaui","status":"publish","type":"post","link":"https:\/\/pinews.com.br\/index.php\/2020\/10\/02\/acidente-envolvendo-quatro-veiculos-deixa-tres-pessoas-feridas-na-br-135-no-sul-do-piaui\/","title":{"rendered":"Acidente envolvendo quatro ve\u00edculos deixa tr\u00eas pessoas feridas na BR-135, no Sul do Piau\u00ed"},"content":{"rendered":"\n<p>Um acidente envolvendo tr\u00eas ve\u00edculos de carga e um carro deixou tr\u00eas pessoas feridas na manh\u00e3 desta sexta-feira (2) na BR-135, em Reden\u00e7\u00e3o do Gurgu\u00e9ia, no Sul do Piau\u00ed. A pista n\u00e3o precisou ser interditada, mas as colis\u00f5es deixaram o tr\u00e2nsito lento.<\/p>\n\n\n\n<p>De acordo com a Pol\u00edcia Rodovi\u00e1ria Federal (PRF), um dos ve\u00edculos estava parado na pista de rolamento, quando o motorista do carro, um homem ainda n\u00e3o identificado, teve que reduzir a velocidade para evitar uma colis\u00e3o com a carreta.<\/p>\n\n\n\n<p>Entretanto, segundo a corpora\u00e7\u00e3o, um ve\u00edculo de carga que estava atr\u00e1s acabou se chocando com o carro, que foi projetado para a faixa contr\u00e1ria, e colidiu com a lateral de outra carreta.<\/p>\n\n\n\n<figure class=\"wp-block-image\"><img decoding=\"async\" src=\"https:\/\/s2.glbimg.com\/necM67btEWAiDjmVM2BbORiQkNE=\/0x0:1280x960\/984x0\/smart\/filters:strip_icc()\/i.s3.glbimg.com\/v1\/AUTH_59edd422c0c84a879bd37670ae4f538a\/internal_photos\/bs\/2020\/K\/U\/nrPZhdRBuw2dwMS32V1A\/whatsapp-image-2020-10-02-at-16.48.54-1-.jpeg\" alt=\"Acidente aconteceu no KM 401 da BR-135 \u2014 Foto: Divulga\u00e7\u00e3o \/PRF-PI\"\/><figcaption>Acidente aconteceu no KM 401 da BR-135 \u2014 Foto: Divulga\u00e7\u00e3o \/PRF-PI<\/figcaption><\/figure>\n\n\n\n<p>Os motoristas dos ve\u00edculos de carga sa\u00edram ilesos do acidente e foram ouvidos pelos policiais, por\u00e9m, o condutor e os passageiros do carro ficaram feridos. A PRF n\u00e3o divulgou informa\u00e7\u00f5es sobre o estado de sa\u00fade deles.<\/p>\n\n\n\n<p><strong>Fonte: G1 PI <\/strong><\/p>\n","protected":false},"excerpt":{"rendered":"<p>Um acidente envolvendo tr\u00eas ve\u00edculos de carga e um carro deixou tr\u00eas pessoas feridas na manh\u00e3 desta sexta-feira (2) na BR-135, em Reden\u00e7\u00e3o do Gurgu\u00e9ia, no Sul do Piau\u00ed. A pista n\u00e3o precisou ser interditada, mas as colis\u00f5es deixaram o tr\u00e2nsito lento. De acordo com a Pol\u00edcia Rodovi\u00e1ria Federal (PRF), um dos ve\u00edculos estava parado [&hellip;]<\/p>\n","protected":false},"author":1,"featured_media":14283,"comment_status":"open","ping_status":"open","sticky":false,"template":"","format":"standard","meta":{"beyondwords_generate_audio":"","beyondwords_project_id":"","beyondwords_podcast_id":"","beyondwords_hash":"","beyondwords_error_message":"","beyondwords_disabled":"","publish_post_to_speechkit":"","speechkit_generate_audio":"","speechkit_project_id":"","speechkit_podcast_id":"","speechkit_hash":"","speechkit_error_message":"","speechkit_disabled":"","speechkit_access_key":"","speechkit_error":"","speechkit_info":"","speechkit_response":"","speechkit_retries":"","_speechkit_link":"","_speechkit_text":""},"categories":[51],"tags":[176,224,252,583,257,91,259,52,772,120,239,550],"jetpack_featured_media_url":"","_links":{"self":[{"href":"https:\/\/pinews.com.br\/index.php\/wp-json\/wp\/v2\/posts\/14282"}],"collection":[{"href":"https:\/\/pinews.com.br\/index.php\/wp-json\/wp\/v2\/posts"}],"about":[{"href":"https:\/\/pinews.com.br\/index.php\/wp-json\/wp\/v2\/types\/post"}],"author":[{"embeddable":true,"href":"https:\/\/pinews.com.br\/index.php\/wp-json\/wp\/v2\/users\/1"}],"replies":[{"embeddable":true,"href":"https:\/\/pinews.com.br\/index.php\/wp-json\/wp\/v2\/comments?post=14282"}],"version-history":[{"count":0,"href":"https:\/\/pinews.com.br\/index.php\/wp-json\/wp\/v2\/posts\/14282\/revisions"}],"wp:featuredmedia":[{"embeddable":true,"href":"https:\/\/pinews.com.br\/index.php\/wp-json\/"}],"wp:attachment":[{"href":"https:\/\/pinews.com.br\/index.php\/wp-json\/wp\/v2\/media?parent=14282"}],"wp:term":[{"taxonomy":"category","embeddable":true,"href":"https:\/\/pinews.com.br\/index.php\/wp-json\/wp\/v2\/categories?post=14282"},{"taxonomy":"post_tag","embeddable":true,"href":"https:\/\/pinews.com.br\/index.php\/wp-json\/wp\/v2\/tags?post=14282"}],"curies":[{"name":"wp","href":"https:\/\/api.w.org\/{rel}","templated":true}]}}