{"id":14318,"date":"2020-10-05T10:51:57","date_gmt":"2020-10-05T13:51:57","guid":{"rendered":"https:\/\/pinews.com.br\/?p=14318"},"modified":"2020-10-05T10:51:57","modified_gmt":"2020-10-05T13:51:57","slug":"incendio-de-grandes-proporcoes-atinge-area-de-preservacao-ambiental-e-ameaca-povoado-no-piaui","status":"publish","type":"post","link":"https:\/\/pinews.com.br\/index.php\/2020\/10\/05\/incendio-de-grandes-proporcoes-atinge-area-de-preservacao-ambiental-e-ameaca-povoado-no-piaui\/","title":{"rendered":"Inc\u00eandio de grandes propor\u00e7\u00f5es atinge \u00e1rea de preserva\u00e7\u00e3o ambiental e amea\u00e7a povoado no Piau\u00ed"},"content":{"rendered":"\n<p>Um inc\u00eandio assustou quem passava pela Avenida Padre Humberto Pietro Grande, \u00e0s margens do Rio Poti, pr\u00f3ximo \u00e0 Ponte Anselmo Dias, que liga a Zona Sul \u00e0 Zona Sudeste de Teresina. O inc\u00eandio come\u00e7ou na noite de domingo (4) e as chamas s\u00f3 foram controladas no in\u00edcio da madrugada desta segunda (5).<\/p>\n\n\n\n<p>Em um v\u00eddeo publicado nas redes sociais, motociclistas e motoristas mostram a intensidade e for\u00e7a das chamas. Nas imagens, \u00e9 poss\u00edvel ver que o fogo estava pr\u00f3ximo da estrutura da ponte.<\/p>\n\n\n\n<p>De acordo com o Corpo de Bombeiros, as chamas chegaram a amea\u00e7ar o Povoado Terra Prometida.<\/p>\n\n\n\n<p>\u201cO trabalho das equipes foi focado em proteger a popula\u00e7\u00e3o e ningu\u00e9m ficou ferido, mas a mata atingida fica \u00e0s margens do Rio Poti, que \u00e9 uma \u00e1rea de preserva\u00e7\u00e3o ambiental\u201d, disse o tenente-coronel Jos\u00e9 Veloso.<\/p>\n\n\n\n<p><strong>Fonte: G1 PI<\/strong><\/p>\n","protected":false},"excerpt":{"rendered":"<p>Um inc\u00eandio assustou quem passava pela Avenida Padre Humberto Pietro Grande, \u00e0s margens do Rio Poti, pr\u00f3ximo \u00e0 Ponte Anselmo Dias, que liga a Zona Sul \u00e0 Zona Sudeste de Teresina. O inc\u00eandio come\u00e7ou na noite de domingo (4) e as chamas s\u00f3 foram controladas no in\u00edcio da madrugada desta segunda (5). Em um v\u00eddeo [&hellip;]<\/p>\n","protected":false},"author":1,"featured_media":14319,"comment_status":"open","ping_status":"open","sticky":false,"template":"","format":"standard","meta":{"beyondwords_generate_audio":"","beyondwords_project_id":"","beyondwords_podcast_id":"","beyondwords_hash":"","beyondwords_error_message":"","beyondwords_disabled":"","publish_post_to_speechkit":"","speechkit_generate_audio":"","speechkit_project_id":"","speechkit_podcast_id":"","speechkit_hash":"","speechkit_error_message":"","speechkit_disabled":"","speechkit_access_key":"","speechkit_error":"","speechkit_info":"","speechkit_response":"","speechkit_retries":"","_speechkit_link":"","_speechkit_text":""},"categories":[51],"tags":[5931,5932,622,372,44,882,547,52,3746,5933,884],"jetpack_featured_media_url":"","_links":{"self":[{"href":"https:\/\/pinews.com.br\/index.php\/wp-json\/wp\/v2\/posts\/14318"}],"collection":[{"href":"https:\/\/pinews.com.br\/index.php\/wp-json\/wp\/v2\/posts"}],"about":[{"href":"https:\/\/pinews.com.br\/index.php\/wp-json\/wp\/v2\/types\/post"}],"author":[{"embeddable":true,"href":"https:\/\/pinews.com.br\/index.php\/wp-json\/wp\/v2\/users\/1"}],"replies":[{"embeddable":true,"href":"https:\/\/pinews.com.br\/index.php\/wp-json\/wp\/v2\/comments?post=14318"}],"version-history":[{"count":0,"href":"https:\/\/pinews.com.br\/index.php\/wp-json\/wp\/v2\/posts\/14318\/revisions"}],"wp:featuredmedia":[{"embeddable":true,"href":"https:\/\/pinews.com.br\/index.php\/wp-json\/"}],"wp:attachment":[{"href":"https:\/\/pinews.com.br\/index.php\/wp-json\/wp\/v2\/media?parent=14318"}],"wp:term":[{"taxonomy":"category","embeddable":true,"href":"https:\/\/pinews.com.br\/index.php\/wp-json\/wp\/v2\/categories?post=14318"},{"taxonomy":"post_tag","embeddable":true,"href":"https:\/\/pinews.com.br\/index.php\/wp-json\/wp\/v2\/tags?post=14318"}],"curies":[{"name":"wp","href":"https:\/\/api.w.org\/{rel}","templated":true}]}}