{"id":14357,"date":"2020-10-05T13:34:23","date_gmt":"2020-10-05T16:34:23","guid":{"rendered":"https:\/\/pinews.com.br\/?p=14357"},"modified":"2020-10-05T13:34:23","modified_gmt":"2020-10-05T16:34:23","slug":"prf-apreende-motocicleta-e-prende-homem-por-adulteracao-de-sinal-identificador-do-veiculo-em-valenca-do-piaui","status":"publish","type":"post","link":"https:\/\/pinews.com.br\/index.php\/2020\/10\/05\/prf-apreende-motocicleta-e-prende-homem-por-adulteracao-de-sinal-identificador-do-veiculo-em-valenca-do-piaui\/","title":{"rendered":"PRF apreende motocicleta e prende homem por adultera\u00e7\u00e3o de sinal identificador do ve\u00edculo em Valen\u00e7a do Piau\u00ed"},"content":{"rendered":"\n<p>Policiais Rodovi\u00e1rios Federais apreenderam na manh\u00e3 deste (04) uma motocicleta que possu\u00eda os elementos de identifica\u00e7\u00e3o adulterados. O ve\u00edculo era conduzido por um homem de 46 anos. A a\u00e7\u00e3o foi desencadeada quando os policiais o abordaram na rodovia BR 316 no munic\u00edpio de Valen\u00e7a do Piau\u00ed.<\/p>\n\n\n\n<p>No momento da abordagem os policiais verificaram os elementos de identifica\u00e7\u00e3o e constataram que os mesmos estavam adulterados, n\u00e3o sendo poss\u00edvel identificar o ve\u00edculo original.<\/p>\n\n\n\n<p>Desta forma, os policiais encaminharam o homem e a motocicleta, juntamente com toda a documenta\u00e7\u00e3o, at\u00e9 \u00e0 Pol\u00edcia Civil do munic\u00edpio de Valen\u00e7a do Piau\u00ed para os procedimentos necess\u00e1rios. O homem responder\u00e1 pelo crime de Adultera\u00e7\u00e3o de sinal identificador de ve\u00edculo automotor.<\/p>\n\n\n\n<p><strong>Fonte: PRF<\/strong><\/p>\n","protected":false},"excerpt":{"rendered":"<p>Policiais Rodovi\u00e1rios Federais apreenderam na manh\u00e3 deste (04) uma motocicleta que possu\u00eda os elementos de identifica\u00e7\u00e3o adulterados. O ve\u00edculo era conduzido por um homem de 46 anos. A a\u00e7\u00e3o foi desencadeada quando os policiais o abordaram na rodovia BR 316 no munic\u00edpio de Valen\u00e7a do Piau\u00ed. No momento da abordagem os policiais verificaram os elementos [&hellip;]<\/p>\n","protected":false},"author":1,"featured_media":14358,"comment_status":"open","ping_status":"open","sticky":false,"template":"","format":"standard","meta":{"beyondwords_generate_audio":"","beyondwords_project_id":"","beyondwords_podcast_id":"","beyondwords_hash":"","beyondwords_error_message":"","beyondwords_disabled":"","publish_post_to_speechkit":"","speechkit_generate_audio":"","speechkit_project_id":"","speechkit_podcast_id":"","speechkit_hash":"","speechkit_error_message":"","speechkit_disabled":"","speechkit_access_key":"","speechkit_error":"","speechkit_info":"","speechkit_response":"","speechkit_retries":"","_speechkit_link":"","_speechkit_text":""},"categories":[51,78],"tags":[5946,105,44,46,84,5947,179,52,59,112,104,5948,2080,158],"jetpack_featured_media_url":"","_links":{"self":[{"href":"https:\/\/pinews.com.br\/index.php\/wp-json\/wp\/v2\/posts\/14357"}],"collection":[{"href":"https:\/\/pinews.com.br\/index.php\/wp-json\/wp\/v2\/posts"}],"about":[{"href":"https:\/\/pinews.com.br\/index.php\/wp-json\/wp\/v2\/types\/post"}],"author":[{"embeddable":true,"href":"https:\/\/pinews.com.br\/index.php\/wp-json\/wp\/v2\/users\/1"}],"replies":[{"embeddable":true,"href":"https:\/\/pinews.com.br\/index.php\/wp-json\/wp\/v2\/comments?post=14357"}],"version-history":[{"count":0,"href":"https:\/\/pinews.com.br\/index.php\/wp-json\/wp\/v2\/posts\/14357\/revisions"}],"wp:featuredmedia":[{"embeddable":true,"href":"https:\/\/pinews.com.br\/index.php\/wp-json\/"}],"wp:attachment":[{"href":"https:\/\/pinews.com.br\/index.php\/wp-json\/wp\/v2\/media?parent=14357"}],"wp:term":[{"taxonomy":"category","embeddable":true,"href":"https:\/\/pinews.com.br\/index.php\/wp-json\/wp\/v2\/categories?post=14357"},{"taxonomy":"post_tag","embeddable":true,"href":"https:\/\/pinews.com.br\/index.php\/wp-json\/wp\/v2\/tags?post=14357"}],"curies":[{"name":"wp","href":"https:\/\/api.w.org\/{rel}","templated":true}]}}