{"id":14367,"date":"2020-10-06T10:51:04","date_gmt":"2020-10-06T13:51:04","guid":{"rendered":"https:\/\/pinews.com.br\/?p=14367"},"modified":"2020-10-06T10:51:04","modified_gmt":"2020-10-06T13:51:04","slug":"combate-a-incendios-perto-do-parque-serra-da-capivara-e-destaque-no-jornal-nacional","status":"publish","type":"post","link":"https:\/\/pinews.com.br\/index.php\/2020\/10\/06\/combate-a-incendios-perto-do-parque-serra-da-capivara-e-destaque-no-jornal-nacional\/","title":{"rendered":"Combate a inc\u00eandios perto do Parque Serra da Capivara \u00e9 destaque no Jornal Nacional"},"content":{"rendered":"\n<p>O combate ao inc\u00eandio que se aproxima do Parque Nacional da Serra da Capivara foi destaque no Jornal Nacional, da Rede Globo, na noite desta segunda-feira (05\/10).<\/p>\n\n\n\n<figure class=\"wp-block-image\"><a href=\"https:\/\/storage.stwonline.com.br\/180graus\/uploads\/ckeditor\/pictures\/2388235\/5.jpg\"><img decoding=\"async\" src=\"https:\/\/storage.stwonline.com.br\/180graus\/uploads\/ckeditor\/pictures\/2388235\/5.jpg\" alt=\"\"\/><\/a><\/figure>\n\n\n\n<p>Bombeiros est\u00e3o combatendo fogo nos arredores da \u00e1rea que \u00e9 patrim\u00f4nio cultural da humanidade e guarda os primeiros vest\u00edgios do homem nas Am\u00e9ricas.<\/p>\n\n\n\n<figure class=\"wp-block-image\"><a href=\"https:\/\/storage.stwonline.com.br\/180graus\/uploads\/ckeditor\/pictures\/2388236\/2.jpg\"><img decoding=\"async\" src=\"https:\/\/storage.stwonline.com.br\/180graus\/uploads\/ckeditor\/pictures\/2388236\/2.jpg\" alt=\"\"\/><\/a><\/figure>\n\n\n\n<p>N\u00e3o chove h\u00e1 cerca de 60 dias na regi\u00e3o e 24 brigadistas do ICMBio trabalham para que as queimadas n\u00e3o cheguem ao parque, reaberto h\u00e1 quase um m\u00eas para visita\u00e7\u00e3o, de forma limitada.<\/p>\n\n\n\n<p><a href=\"https:\/\/g1.globo.com\/jornal-nacional\/noticia\/2020\/10\/05\/bombeiros-combatem-fogo-nos-arredores-de-area-que-e-patrimonio-da-humanidade-no-piaui.ghtml\" target=\"_blank\" rel=\"noreferrer noopener\"><strong>Clique aqui e assista ao v\u00eddeo<\/strong><\/a><\/p>\n\n\n\n<figure class=\"wp-block-image\"><a href=\"https:\/\/storage.stwonline.com.br\/180graus\/uploads\/ckeditor\/pictures\/2388237\/3.jpg\"><img decoding=\"async\" src=\"https:\/\/storage.stwonline.com.br\/180graus\/uploads\/ckeditor\/pictures\/2388237\/3.jpg\" alt=\"\"\/><\/a><\/figure>\n\n\n\n<figure class=\"wp-block-image\"><a href=\"https:\/\/storage.stwonline.com.br\/180graus\/uploads\/ckeditor\/pictures\/2388238\/4.jpg\"><img decoding=\"async\" src=\"https:\/\/storage.stwonline.com.br\/180graus\/uploads\/ckeditor\/pictures\/2388238\/4.jpg\" alt=\"\"\/><\/a><\/figure>\n\n\n\n<p><strong>Fonte: 180Graus<\/strong><\/p>\n","protected":false},"excerpt":{"rendered":"<p>O combate ao inc\u00eandio que se aproxima do Parque Nacional da Serra da Capivara foi destaque no Jornal Nacional, da Rede Globo, na noite desta segunda-feira (05\/10). Bombeiros est\u00e3o combatendo fogo nos arredores da \u00e1rea que \u00e9 patrim\u00f4nio cultural da humanidade e guarda os primeiros vest\u00edgios do homem nas Am\u00e9ricas. N\u00e3o chove h\u00e1 cerca de [&hellip;]<\/p>\n","protected":false},"author":1,"featured_media":14368,"comment_status":"open","ping_status":"open","sticky":false,"template":"","format":"standard","meta":{"beyondwords_generate_audio":"","beyondwords_project_id":"","beyondwords_podcast_id":"","beyondwords_hash":"","beyondwords_error_message":"","beyondwords_disabled":"","publish_post_to_speechkit":"","speechkit_generate_audio":"","speechkit_project_id":"","speechkit_podcast_id":"","speechkit_hash":"","speechkit_error_message":"","speechkit_disabled":"","speechkit_access_key":"","speechkit_error":"","speechkit_info":"","speechkit_response":"","speechkit_retries":"","_speechkit_link":"","_speechkit_text":""},"categories":[134,51],"tags":[5953,5621,122,1724,72,5623,5624,5508,1410,836,5954],"jetpack_featured_media_url":"","_links":{"self":[{"href":"https:\/\/pinews.com.br\/index.php\/wp-json\/wp\/v2\/posts\/14367"}],"collection":[{"href":"https:\/\/pinews.com.br\/index.php\/wp-json\/wp\/v2\/posts"}],"about":[{"href":"https:\/\/pinews.com.br\/index.php\/wp-json\/wp\/v2\/types\/post"}],"author":[{"embeddable":true,"href":"https:\/\/pinews.com.br\/index.php\/wp-json\/wp\/v2\/users\/1"}],"replies":[{"embeddable":true,"href":"https:\/\/pinews.com.br\/index.php\/wp-json\/wp\/v2\/comments?post=14367"}],"version-history":[{"count":0,"href":"https:\/\/pinews.com.br\/index.php\/wp-json\/wp\/v2\/posts\/14367\/revisions"}],"wp:featuredmedia":[{"embeddable":true,"href":"https:\/\/pinews.com.br\/index.php\/wp-json\/"}],"wp:attachment":[{"href":"https:\/\/pinews.com.br\/index.php\/wp-json\/wp\/v2\/media?parent=14367"}],"wp:term":[{"taxonomy":"category","embeddable":true,"href":"https:\/\/pinews.com.br\/index.php\/wp-json\/wp\/v2\/categories?post=14367"},{"taxonomy":"post_tag","embeddable":true,"href":"https:\/\/pinews.com.br\/index.php\/wp-json\/wp\/v2\/tags?post=14367"}],"curies":[{"name":"wp","href":"https:\/\/api.w.org\/{rel}","templated":true}]}}